{"id":17907,"date":"2022-12-03T08:00:00","date_gmt":"2022-12-03T11:00:00","guid":{"rendered":"https:\/\/chacosintesis.com.ar\/?p=17907"},"modified":"2022-12-03T08:06:54","modified_gmt":"2022-12-03T11:06:54","slug":"sale-a-las-calles-el-operativo-felices-fiestas-con-mas-controles-y-acciones-preventivas-en-zonas-comerciales","status":"publish","type":"post","link":"https:\/\/chacosintesis.com.ar\/index.php\/sale-a-las-calles-el-operativo-felices-fiestas-con-mas-controles-y-acciones-preventivas-en-zonas-comerciales\/","title":{"rendered":"Sale a las calles el operativo Felices Fiestas, con m\u00e1s controles y acciones preventivas en zonas comerciales"},"content":{"rendered":"<p>Durante el lanzamiento en el Parque de la Democracia, junto a la ministra Zalazar, el gobernador dio detalles de los recursos que el Estado dispondr\u00e1 para garantizar corredores de compras seguros, en vistas de la din\u00e1mica de consumo que tienen las fechas de fin de a\u00f1o.<\/p>\n<p>El gobernador Jorge Capitanich y la ministra de Seguridad y Justicia, Gloria Zalazar, encabezaron en el Parque de la Democracia el acto de lanzamiento del Operativo de Fiestas Seguras. El mandatario destac\u00f3 que este dispositivo de las fuerzas de seguridad naci\u00f3 \u201ccomo un compromiso por parte del Estado provincial\u201d, y resalt\u00f3 en especial la coordinaci\u00f3n con municipios del \u00e1rea metropolitana y de toda la provincia para llevarlo a cabo, junto a los foros de seguridad, la justicia de paz y la justicia provincial.<br \/>\n\u201cLa articulaci\u00f3n, tambi\u00e9n con las fuerzas de seguridad nacional, la prevenci\u00f3n de delitos y el trabajo territorial nos permitir\u00e1n que la gente pueda circular segura, y m\u00e1s en los corredores de compras, con el movimiento que se ir\u00e1 incrementando en esta semana y la pr\u00f3xima\u201d, indic\u00f3.<br \/>\nEl mandatario especific\u00f3 que el operativo dispondr\u00e1 m\u00e1s de 900 agentes de polic\u00eda, distribuidos en tres turnos cada d\u00eda, con 97 m\u00f3viles policiales, de los cuales 44 ser\u00e1n de tipo intervenci\u00f3n r\u00e1pida (motocicletas). Habr\u00e1 adem\u00e1s sistemas de apoyo de tipo videovigilancia (control de delitos) y la Sala de Geo Posicionamiento Satelital (control de m\u00f3viles policiales). En ese marco, Capitanich destac\u00f3 la importancia de la coordinaci\u00f3n con los municipios.<br \/>\nAdem\u00e1s, el gobernador confirm\u00f3 que se contar\u00e1 con la presencia de 350 agentes m\u00e1s, que se encuentran siendo seleccionados para tal funci\u00f3n, ya que para ello fue aprobado el Primer Curso B\u00e1sico de Formaci\u00f3n para Agentes de Polic\u00eda con Orientaci\u00f3n Comunitaria.<br \/>\n Este operativo de control diagramado por la Polic\u00eda provincial a\u00f1o a a\u00f1o, implementa nuevas medidas y afecta una gran variedad de recursos con el fin de permitir al ciudadano chaque\u00f1o el disfrute de una fecha tan especial y cercana a los sentimientos como Navidad y A\u00f1o Nuevo.<br \/>\nEstuvieron presentes en la ocasi\u00f3n, Ariel Acu\u00f1a, jefe de la Polic\u00eda del Chaco, junto al subjefe Antonio Vega y Christian Ver\u00f3n, director ejecutivo Centro de An\u00e1lisis, Comando y Control Policial (CEAC); adem\u00e1s del presidente de la C\u00e1mara de Comercio capitalina, Iv\u00e1n Bonzi; representantes del Poder Judicial, las intendentas Magda Ayala (Barranqueras) y Patricia Rodas (Fontana), y funcionarios de los dem\u00e1s municipios del \u00e1rea metropolitana, junto a autoridades de varios ministerios del Gobierno y de los foros vecinales<br \/>\nEsta primera etapa que se lanza hoy continuar\u00e1 sumando recursos. Tal es as\u00ed que, a partir de esta semana pr\u00f3xima, se contar\u00e1 con el apoyo de la Municipalidad de Resistencia y seguramente de las distintas localidades en donde se implementan estos operativos, pudiendo as\u00ed delegar algunas funciones que son inherentes a dichos organismos.<\/p>\n<p>Inicio inmediato<\/p>\n<p>El operativo inici\u00f3 inmediatamente y tendr\u00e1 operatividad las 24 horas. Se desplegar\u00e1n circuitos de patrulla por el centro de las localidades, con corredores seguros a lo largo de las avenidas principales, puestos fijos de control vehicular e identificaci\u00f3n de personas, y un sistema preventivo jurisdiccional acompa\u00f1ado del personal de las comisar\u00edas.<br \/>\nPara el caso del \u00c1rea Metropolitana, se afectaron 53 m\u00f3viles, 44 motocicletas y 912 efectivos distribuidos en tres turnos. Participan del operativo las direcciones generales de Seguridad Metropolitana, Polic\u00eda Caminera, Investigaciones, Consumos Problem\u00e1ticos, los departamentos de Infanter\u00eda, Seguridad Bancaria, el Cuerpo de Operaciones Especiales (COE), y el Cuerpo de Operaciones Motorizadas (COM).<\/p>\n<p>Tanto en Resistencia y sus alrededores, como en el interior de la provincia, el Ministerio de Seguridad procura intensificar los controles y la prevenci\u00f3n en la zona comercial, micro y macrocentro, rutas y caminos, a los fines de desalentar todo tipo de actividades delictivas y contravencionales en espacios verdes, plazas, eventos nocturnos, barrios, comercios, manifestaciones, colectoras, paradas de \u00f3mnibus, instituciones educativas, locales gastron\u00f3micos, entre otros lugares. Se har\u00e1 especial \u00e9nfasis en los robos y hurtos, actividades delictivas armadas y grupales, y en el tr\u00e1fico de estupefacientes.<br \/>\nEn a\u00f1os anteriores, los resultados de la planificaci\u00f3n fueron exitosos, ya que en nochebuena y navidad no se registraron hechos violentos en la v\u00eda p\u00fablica, y los festejos se desarrollaron con normalidad en las direcciones de Zona de Resistencia, Charata, S\u00e1enz Pe\u00f1a, Villa \u00c1ngela, Castelli y San Mart\u00edn.<br \/>\nEl mismo lanzamiento que en Resistencia se replic\u00f3 en todas las Direcciones de Zona de la provincia.<\/p>\n","protected":false},"excerpt":{"rendered":"<p>Durante el lanzamiento en el Parque de la Democracia, junto a la ministra Zalazar, el gobernador dio detalles de los recursos que el Estado dispondr\u00e1 para garantizar corredores de compras seguros, en vistas de la din\u00e1mica de consumo que tienen las fechas de fin de a\u00f1o. El gobernador Jorge Capitanich y la ministra de Seguridad [&hellip;]<\/p>\n","protected":false},"author":1,"featured_media":17908,"comment_status":"closed","ping_status":"closed","sticky":false,"template":"","format":"standard","meta":{"footnotes":""},"categories":[6],"tags":[197],"class_list":{"0":"post-17907","1":"post","2":"type-post","3":"status-publish","4":"format-standard","5":"has-post-thumbnail","7":"category-chaco","8":"tag-destacada"},"_links":{"self":[{"href":"https:\/\/chacosintesis.com.ar\/index.php\/wp-json\/wp\/v2\/posts\/17907","targetHints":{"allow":["GET"]}}],"collection":[{"href":"https:\/\/chacosintesis.com.ar\/index.php\/wp-json\/wp\/v2\/posts"}],"about":[{"href":"https:\/\/chacosintesis.com.ar\/index.php\/wp-json\/wp\/v2\/types\/post"}],"author":[{"embeddable":true,"href":"https:\/\/chacosintesis.com.ar\/index.php\/wp-json\/wp\/v2\/users\/1"}],"replies":[{"embeddable":true,"href":"https:\/\/chacosintesis.com.ar\/index.php\/wp-json\/wp\/v2\/comments?post=17907"}],"version-history":[{"count":0,"href":"https:\/\/chacosintesis.com.ar\/index.php\/wp-json\/wp\/v2\/posts\/17907\/revisions"}],"wp:featuredmedia":[{"embeddable":true,"href":"https:\/\/chacosintesis.com.ar\/index.php\/wp-json\/wp\/v2\/media\/17908"}],"wp:attachment":[{"href":"https:\/\/chacosintesis.com.ar\/index.php\/wp-json\/wp\/v2\/media?parent=17907"}],"wp:term":[{"taxonomy":"category","embeddable":true,"href":"https:\/\/chacosintesis.com.ar\/index.php\/wp-json\/wp\/v2\/categories?post=17907"},{"taxonomy":"post_tag","embeddable":true,"href":"https:\/\/chacosintesis.com.ar\/index.php\/wp-json\/wp\/v2\/tags?post=17907"}],"curies":[{"name":"wp","href":"https:\/\/api.w.org\/{rel}","templated":true}]}}