{"id":17901,"date":"2022-12-02T08:24:06","date_gmt":"2022-12-02T11:24:06","guid":{"rendered":"https:\/\/chacosintesis.com.ar\/?p=17901"},"modified":"2022-12-02T08:37:18","modified_gmt":"2022-12-02T11:37:18","slug":"temperaturas-normales-y-lluvias-por-debajo-del-promedio-se-estiman-para-el-chaco-2","status":"publish","type":"post","link":"https:\/\/chacosintesis.com.ar\/index.php\/temperaturas-normales-y-lluvias-por-debajo-del-promedio-se-estiman-para-el-chaco-2\/","title":{"rendered":"Temperaturas normales y lluvias por debajo del promedio se estiman para el Chaco"},"content":{"rendered":"<p>El Servicio Meteorol\u00f3gico Nacional (SMN) emiti\u00f3 la perspectiva clim\u00e1tica trimestral que abarca los meses de diciembre de 2022, y enero y febrero de 2023.<\/p>\n<p>El informe sirve para tener un panorama de lo que deparar\u00e1 este trimestre en cuanto a precipitaciones y temperaturas, en cuanto a si ser\u00e1n las habituales para la \u00e9poca o habr\u00e1 alguna diferencia.<\/p>\n<p>En cuanto a las precipitaciones, existe entre 40 y 45% de probabilidades de que el centro y oeste de la provincia ocurran normales o inferiores a las normales; mientras que en el este de la provincia existe hasta un 50% de probabilidades de que haya lluvias inferiores a las normales.<\/p>\n<p>En cuanto a la temperatura, se esperan las normales para esta \u00e9poca del a\u00f1o en la provincia.<\/p>\n","protected":false},"excerpt":{"rendered":"<p>El Servicio Meteorol\u00f3gico Nacional (SMN) emiti\u00f3 la perspectiva clim\u00e1tica trimestral que abarca los meses de diciembre de 2022, y enero y febrero de 2023. El informe sirve para tener un panorama de lo que deparar\u00e1 este trimestre en cuanto a precipitaciones y temperaturas, en cuanto a si ser\u00e1n las habituales para la \u00e9poca o habr\u00e1 [&hellip;]<\/p>\n","protected":false},"author":1,"featured_media":17902,"comment_status":"closed","ping_status":"closed","sticky":false,"template":"","format":"standard","meta":{"footnotes":""},"categories":[6],"tags":[197],"class_list":{"0":"post-17901","1":"post","2":"type-post","3":"status-publish","4":"format-standard","5":"has-post-thumbnail","7":"category-chaco","8":"tag-destacada"},"_links":{"self":[{"href":"https:\/\/chacosintesis.com.ar\/index.php\/wp-json\/wp\/v2\/posts\/17901","targetHints":{"allow":["GET"]}}],"collection":[{"href":"https:\/\/chacosintesis.com.ar\/index.php\/wp-json\/wp\/v2\/posts"}],"about":[{"href":"https:\/\/chacosintesis.com.ar\/index.php\/wp-json\/wp\/v2\/types\/post"}],"author":[{"embeddable":true,"href":"https:\/\/chacosintesis.com.ar\/index.php\/wp-json\/wp\/v2\/users\/1"}],"replies":[{"embeddable":true,"href":"https:\/\/chacosintesis.com.ar\/index.php\/wp-json\/wp\/v2\/comments?post=17901"}],"version-history":[{"count":0,"href":"https:\/\/chacosintesis.com.ar\/index.php\/wp-json\/wp\/v2\/posts\/17901\/revisions"}],"wp:featuredmedia":[{"embeddable":true,"href":"https:\/\/chacosintesis.com.ar\/index.php\/wp-json\/wp\/v2\/media\/17902"}],"wp:attachment":[{"href":"https:\/\/chacosintesis.com.ar\/index.php\/wp-json\/wp\/v2\/media?parent=17901"}],"wp:term":[{"taxonomy":"category","embeddable":true,"href":"https:\/\/chacosintesis.com.ar\/index.php\/wp-json\/wp\/v2\/categories?post=17901"},{"taxonomy":"post_tag","embeddable":true,"href":"https:\/\/chacosintesis.com.ar\/index.php\/wp-json\/wp\/v2\/tags?post=17901"}],"curies":[{"name":"wp","href":"https:\/\/api.w.org\/{rel}","templated":true}]}}