{"id":17881,"date":"2022-11-30T08:20:17","date_gmt":"2022-11-30T11:20:17","guid":{"rendered":"https:\/\/chacosintesis.com.ar\/?p=17881"},"modified":"2022-11-30T08:39:46","modified_gmt":"2022-11-30T11:39:46","slug":"la-legislatura-chaquena-tratara-el-presupuesto-2023","status":"publish","type":"post","link":"https:\/\/chacosintesis.com.ar\/index.php\/la-legislatura-chaquena-tratara-el-presupuesto-2023\/","title":{"rendered":"La Legislatura chaque\u00f1a tratar\u00e1 el Presupuesto 2023"},"content":{"rendered":"<p>El primer punto acordado por los bloques ser\u00e1 el proyecto de ley 2910\/22, Presupuesto General de la Provincia del Chaco para el Ejercicio 2023, remitido por el gobernador, Jorge Capitanich.<br \/>\nDiputados y diputadas acordaron el tratamiento del Presupuesto 2023 como primer punto de la sesi\u00f3n de este mi\u00e9rcoles. Se incluyeron en forma condicional dos iniciativas a tratar en comisiones previo a la sesi\u00f3n. La primera, impulsada por las diputadas J\u00e9ssica Ayala, Andrea Charole, Gricelda Ojeda, y la presidenta de la C\u00e1mara de Diputados Elida Cuesta, que propone la suspensi\u00f3n por el t\u00e9rmino de un a\u00f1o del Sistema de Elecciones Primarias, Abiertas, Simult\u00e1neas y Obligatorias. La segunda es el proyecto de legisladoras de diferentes bloques pol\u00edticos que busca modificar la Ley de Paridad de G\u00e9nero en la conformaci\u00f3n de las listas electorales, estableciendo que la intercalaci\u00f3n de hombres y mujeres en las listas electorales no ser\u00e1 aplicable cuando estas superen el 50% de participaci\u00f3n en favor del g\u00e9nero femenino, promoviendo a Ley de Paridad como piso m\u00ednimo de participaci\u00f3n y no como un limitante. Otros puntos del temario incluyen una modificaci\u00f3n a la ley que establece la capacitaci\u00f3n obligatoria en la tem\u00e1tica de g\u00e9nero y violencia contra la mujer para precandidatos electorales cambiando la autoridad a cargo al Tribunal Electoral, y la propuesta de de declarar Patrimonio Hist\u00f3rico Cultural de la Provincia del Chaco el edificio de la Parroquia San Jos\u00e9 de Puerto Tirol, iniciativa del diputado Hugo Sager. Luego se abordar\u00e1 la rectificaci\u00f3n de una ley de expropiaci\u00f3n y el proyecto que apunta a la creaci\u00f3n en el \u00e1mbito de la Direcci\u00f3n de Vialidad Provincial, del programa de \u201cConectividad Vial y Ambiental para la Prevenci\u00f3n y Mitigaci\u00f3n de Accidentes contra la Fauna Silvestre\u201d. Los puntos siguientes del temario previsto son el proyecto de la diputada Insaurralde que propone fijar los criterios para elegir los nombres de calles, obras p\u00fablicas, barrios, rutas y plazas para incorporar los \u201cprincipios de equidad y paridad de g\u00e9nero\u201d, rindiendo homenaje a personalidades femeninas; y el proyecto de la diputada Zulma Galeano, que busca incorporar en el Estatuto del Docente los t\u00edtulos de las licencias extraordinarias a fin de ordenar las mismas en la Ley 647-E. En igual sentido se tratar\u00e1n proyectos para crear un sector espec\u00edfico sobre la tem\u00e1tica \u201cG\u00e9nero y Diversidad\u201d en todas las bibliotecas del Subsistema Bibliotecario de la provincia; establecer el d\u00eda del Dirigente vecinal, el 11 de diciembre de cada a\u00f1o, y para crear el concurso abierto de poes\u00eda chaque\u00f1a \u201cAledo Luis Meloni\u201d. Finalmente se abordar\u00e1n en el recinto la reinstauraci\u00f3n de una ley de expropiaci\u00f3n, la efectiva implementaci\u00f3n de los Derechos del Consumidor contemplando las nuevas modalidades de comunicaci\u00f3n, asesoramiento y servicio a trav\u00e9s de plataformas digitales; y ratificaciones de decretos. La reuni\u00f3n semanal de Labor Parlamentaria fue presidida por el titular del interbloque Frente Chaque\u00f1o Atlanto Honcheruk con la participaci\u00f3n de las diputadas Mariela Quir\u00f3s, Tere Cubells, Zulma Galeano, Silvina Canteros Reiser, Paola Ben\u00edtez y Luis Obeid.<\/p>\n","protected":false},"excerpt":{"rendered":"<p>El primer punto acordado por los bloques ser\u00e1 el proyecto de ley 2910\/22, Presupuesto General de la Provincia del Chaco para el Ejercicio 2023, remitido por el gobernador, Jorge Capitanich. Diputados y diputadas acordaron el tratamiento del Presupuesto 2023 como primer punto de la sesi\u00f3n de este mi\u00e9rcoles. Se incluyeron en forma condicional dos iniciativas [&hellip;]<\/p>\n","protected":false},"author":1,"featured_media":17882,"comment_status":"closed","ping_status":"closed","sticky":false,"template":"","format":"standard","meta":{"footnotes":""},"categories":[6],"tags":[],"class_list":{"0":"post-17881","1":"post","2":"type-post","3":"status-publish","4":"format-standard","5":"has-post-thumbnail","7":"category-chaco"},"_links":{"self":[{"href":"https:\/\/chacosintesis.com.ar\/index.php\/wp-json\/wp\/v2\/posts\/17881","targetHints":{"allow":["GET"]}}],"collection":[{"href":"https:\/\/chacosintesis.com.ar\/index.php\/wp-json\/wp\/v2\/posts"}],"about":[{"href":"https:\/\/chacosintesis.com.ar\/index.php\/wp-json\/wp\/v2\/types\/post"}],"author":[{"embeddable":true,"href":"https:\/\/chacosintesis.com.ar\/index.php\/wp-json\/wp\/v2\/users\/1"}],"replies":[{"embeddable":true,"href":"https:\/\/chacosintesis.com.ar\/index.php\/wp-json\/wp\/v2\/comments?post=17881"}],"version-history":[{"count":0,"href":"https:\/\/chacosintesis.com.ar\/index.php\/wp-json\/wp\/v2\/posts\/17881\/revisions"}],"wp:featuredmedia":[{"embeddable":true,"href":"https:\/\/chacosintesis.com.ar\/index.php\/wp-json\/wp\/v2\/media\/17882"}],"wp:attachment":[{"href":"https:\/\/chacosintesis.com.ar\/index.php\/wp-json\/wp\/v2\/media?parent=17881"}],"wp:term":[{"taxonomy":"category","embeddable":true,"href":"https:\/\/chacosintesis.com.ar\/index.php\/wp-json\/wp\/v2\/categories?post=17881"},{"taxonomy":"post_tag","embeddable":true,"href":"https:\/\/chacosintesis.com.ar\/index.php\/wp-json\/wp\/v2\/tags?post=17881"}],"curies":[{"name":"wp","href":"https:\/\/api.w.org\/{rel}","templated":true}]}}