{"id":17877,"date":"2022-11-29T08:10:21","date_gmt":"2022-11-29T11:10:21","guid":{"rendered":"https:\/\/chacosintesis.com.ar\/?p=17877"},"modified":"2022-11-29T08:37:11","modified_gmt":"2022-11-29T11:37:11","slug":"el-gobierno-oficializo-el-nuevo-salario-minimo-que-llegara-a-69-500-en-marzo","status":"publish","type":"post","link":"https:\/\/chacosintesis.com.ar\/index.php\/el-gobierno-oficializo-el-nuevo-salario-minimo-que-llegara-a-69-500-en-marzo\/","title":{"rendered":"El Gobierno oficializ\u00f3 el nuevo salario m\u00ednimo que llegar\u00e1 a $ 69.500 en marzo"},"content":{"rendered":"<p>El nuevo haber acordado la semana pasada en la reuni\u00f3n del Consejo del Salario M\u00ednimo, Vital y M\u00f3vil fue formalizado a trav\u00e9s de la resoluci\u00f3n 15\/2022, publicada en el Bolet\u00edn Oficial con la firma de la ministra de Trabajo, Raquel Kelly Olmos.<br \/>\nEl Gobierno oficializ\u00f3 hoy el nuevo salario m\u00ednimo, vital y m\u00f3vil, que tendr\u00e1 un aumento del 20% dividido en cuatro tramos hasta llegar a $ 69.500 en marzo del a\u00f1o pr\u00f3ximo. El nuevo haber acordado la semana pasada en la reuni\u00f3n del Consejo del Salario M\u00ednimo, Vital y M\u00f3vil fue formalizado a trav\u00e9s de la resoluci\u00f3n 15\/2022, publicada en el Bolet\u00edn Oficial con la firma de la ministra de Trabajo, Raquel Kelly Olmos. As\u00ed, desde el 1 de diciembre el salario m\u00ednimo pasar\u00e1 desde los $ 57.900 actuales a $ 61.953 para todos los trabajadores mensualizados que cumplen la jornada legal completa de trabajo; el 1 de enero ser\u00e1 de $ 65.427; el 1\u00b0 de febrero se ubicar\u00e1 en $ 67.743 y el 1\u00b0 de marzo alcanzar\u00e1 $ 69.500. Tambi\u00e9n tendr\u00e1n aumentos los montos m\u00ednimos y m\u00e1ximos de la prestaci\u00f3n por desempleo: $28.681,35 a partir del 1\u00b0 de diciembre; $30.289,65 a partir del 1\u00b0 de enero; $31.361,85 a partir del 1\u00b0 de febrero y $32.175,26 a partir del 1\u00b0 de marzo.<\/p>\n","protected":false},"excerpt":{"rendered":"<p>El nuevo haber acordado la semana pasada en la reuni\u00f3n del Consejo del Salario M\u00ednimo, Vital y M\u00f3vil fue formalizado a trav\u00e9s de la resoluci\u00f3n 15\/2022, publicada en el Bolet\u00edn Oficial con la firma de la ministra de Trabajo, Raquel Kelly Olmos. El Gobierno oficializ\u00f3 hoy el nuevo salario m\u00ednimo, vital y m\u00f3vil, que tendr\u00e1 [&hellip;]<\/p>\n","protected":false},"author":1,"featured_media":17878,"comment_status":"closed","ping_status":"closed","sticky":false,"template":"","format":"standard","meta":{"footnotes":""},"categories":[6],"tags":[],"class_list":{"0":"post-17877","1":"post","2":"type-post","3":"status-publish","4":"format-standard","5":"has-post-thumbnail","7":"category-chaco"},"_links":{"self":[{"href":"https:\/\/chacosintesis.com.ar\/index.php\/wp-json\/wp\/v2\/posts\/17877","targetHints":{"allow":["GET"]}}],"collection":[{"href":"https:\/\/chacosintesis.com.ar\/index.php\/wp-json\/wp\/v2\/posts"}],"about":[{"href":"https:\/\/chacosintesis.com.ar\/index.php\/wp-json\/wp\/v2\/types\/post"}],"author":[{"embeddable":true,"href":"https:\/\/chacosintesis.com.ar\/index.php\/wp-json\/wp\/v2\/users\/1"}],"replies":[{"embeddable":true,"href":"https:\/\/chacosintesis.com.ar\/index.php\/wp-json\/wp\/v2\/comments?post=17877"}],"version-history":[{"count":0,"href":"https:\/\/chacosintesis.com.ar\/index.php\/wp-json\/wp\/v2\/posts\/17877\/revisions"}],"wp:featuredmedia":[{"embeddable":true,"href":"https:\/\/chacosintesis.com.ar\/index.php\/wp-json\/wp\/v2\/media\/17878"}],"wp:attachment":[{"href":"https:\/\/chacosintesis.com.ar\/index.php\/wp-json\/wp\/v2\/media?parent=17877"}],"wp:term":[{"taxonomy":"category","embeddable":true,"href":"https:\/\/chacosintesis.com.ar\/index.php\/wp-json\/wp\/v2\/categories?post=17877"},{"taxonomy":"post_tag","embeddable":true,"href":"https:\/\/chacosintesis.com.ar\/index.php\/wp-json\/wp\/v2\/tags?post=17877"}],"curies":[{"name":"wp","href":"https:\/\/api.w.org\/{rel}","templated":true}]}}