{"id":17869,"date":"2022-11-28T12:08:20","date_gmt":"2022-11-28T15:08:20","guid":{"rendered":"https:\/\/chacosintesis.com.ar\/?p=17869"},"modified":"2022-11-28T12:36:43","modified_gmt":"2022-11-28T15:36:43","slug":"este-ano-hemos-batido-record-en-cantidad-de-productores-y-de-animales-remitidos-destaco-bravo","status":"publish","type":"post","link":"https:\/\/chacosintesis.com.ar\/index.php\/este-ano-hemos-batido-record-en-cantidad-de-productores-y-de-animales-remitidos-destaco-bravo\/","title":{"rendered":"\u201cEste a\u00f1o hemos batido r\u00e9cord en cantidad de productores y de animales remitidos\u201d, destac\u00f3 Bravo"},"content":{"rendered":"<p>El subsecretario de Ganader\u00eda del Chaco, dialog\u00f3 con Radio Provincia y realiz\u00f3 un balance acerca del Programa Remates Ganaderos. \u201cHace varios a\u00f1os lo ideamos y se ha podido ejecutar y mantener en el tiempo\u201d, manifest\u00f3 Bravo.<br \/>\n\u201cCuando arrancamos con el programa, la idea era que con el transcurrir de tiempo, el boca a boca y la aceptaci\u00f3n de los productores, vaya ganando impulso\u201d, expres\u00f3 el subsecretario de Ganader\u00eda. \u201cEste a\u00f1o hemos batido r\u00e9cord en cuanto a cantidad de productores y de animales remitidos\u201d, agreg\u00f3.<br \/>\nAs\u00ed tambi\u00e9n, Bravo destac\u00f3 \u201cel trabajo articulado, el acompa\u00f1amiento de las sociedades rurales de cada una de las localidades y de las distintas instituciones que interact\u00faan para poder llevar a cabo estos remates\u201d. \u201cEs una alternativa m\u00e1s para los productores para la comercializaci\u00f3n de sus animales\u201d, asegur\u00f3.<br \/>\nEn este sentido, detall\u00f3 que \u201cdurante el a\u00f1o se realizaron 15 remates. La \u00faltima semana se realiz\u00f3 en Margarita Bel\u00e9n, con m\u00e1s de 800 animales y m\u00e1s de 50 productores que remitieron hacienda\u201d.<br \/>\nPor otra parte, el subsecretario \u201cagradeci\u00f3 a las distintas firmas consignatarias que acompa\u00f1aron y confiaron en este esquema que present\u00f3 el gobierno del Chaco\u201d y destac\u00f3 \u201cel dinamismo y la aceptaci\u00f3n de todas las partes que hacen al negocio ganadero en la provincia\u201d.<br \/>\n\u201cLos resultados est\u00e1n a la vista y tambi\u00e9n el acompa\u00f1amiento a los productores, por pedido del gobernador, con la parte comercial que a veces es complicada\u201d, se\u00f1al\u00f3 Bravo. \u201cLo m\u00e1s importante es la log\u00edstica que se arma en funci\u00f3n a cada remate y localidad, para que peque\u00f1os productores que puedan remitir animales, puedan llevarlos al predio ferial y vender\u201d, explic\u00f3.<br \/>\nFinalmente, se refiri\u00f3 a Gen\u00e9tica a tu campo, \u201cun programa que venimos desarrollando para dar accesibilidad al productor a los distintos remates, libre de comisi\u00f3n y de flete\u201d. \u201cFue un incentivo importante\u201d; destac\u00f3.<br \/>\nEn relaci\u00f3n a esto, el subsecretario manifest\u00f3 que \u201cla calidad de hacienda mejor\u00f3 much\u00edsimo en los \u00faltimos tiempos\u201d y reconoci\u00f3 \u201clas ganas de crecer y seguir mejorando, que cada productor chaque\u00f1o imprime a su producci\u00f3n\u201d.<\/p>\n","protected":false},"excerpt":{"rendered":"<p>El subsecretario de Ganader\u00eda del Chaco, dialog\u00f3 con Radio Provincia y realiz\u00f3 un balance acerca del Programa Remates Ganaderos. \u201cHace varios a\u00f1os lo ideamos y se ha podido ejecutar y mantener en el tiempo\u201d, manifest\u00f3 Bravo. \u201cCuando arrancamos con el programa, la idea era que con el transcurrir de tiempo, el boca a boca y [&hellip;]<\/p>\n","protected":false},"author":1,"featured_media":17870,"comment_status":"closed","ping_status":"closed","sticky":false,"template":"","format":"standard","meta":{"footnotes":""},"categories":[6],"tags":[],"class_list":{"0":"post-17869","1":"post","2":"type-post","3":"status-publish","4":"format-standard","5":"has-post-thumbnail","7":"category-chaco"},"_links":{"self":[{"href":"https:\/\/chacosintesis.com.ar\/index.php\/wp-json\/wp\/v2\/posts\/17869","targetHints":{"allow":["GET"]}}],"collection":[{"href":"https:\/\/chacosintesis.com.ar\/index.php\/wp-json\/wp\/v2\/posts"}],"about":[{"href":"https:\/\/chacosintesis.com.ar\/index.php\/wp-json\/wp\/v2\/types\/post"}],"author":[{"embeddable":true,"href":"https:\/\/chacosintesis.com.ar\/index.php\/wp-json\/wp\/v2\/users\/1"}],"replies":[{"embeddable":true,"href":"https:\/\/chacosintesis.com.ar\/index.php\/wp-json\/wp\/v2\/comments?post=17869"}],"version-history":[{"count":0,"href":"https:\/\/chacosintesis.com.ar\/index.php\/wp-json\/wp\/v2\/posts\/17869\/revisions"}],"wp:featuredmedia":[{"embeddable":true,"href":"https:\/\/chacosintesis.com.ar\/index.php\/wp-json\/wp\/v2\/media\/17870"}],"wp:attachment":[{"href":"https:\/\/chacosintesis.com.ar\/index.php\/wp-json\/wp\/v2\/media?parent=17869"}],"wp:term":[{"taxonomy":"category","embeddable":true,"href":"https:\/\/chacosintesis.com.ar\/index.php\/wp-json\/wp\/v2\/categories?post=17869"},{"taxonomy":"post_tag","embeddable":true,"href":"https:\/\/chacosintesis.com.ar\/index.php\/wp-json\/wp\/v2\/tags?post=17869"}],"curies":[{"name":"wp","href":"https:\/\/api.w.org\/{rel}","templated":true}]}}