{"id":17866,"date":"2022-11-28T07:43:23","date_gmt":"2022-11-28T10:43:23","guid":{"rendered":"https:\/\/chacosintesis.com.ar\/?p=17866"},"modified":"2022-11-28T08:07:29","modified_gmt":"2022-11-28T11:07:29","slug":"con-aumento-este-lunes-comienza-el-pago-de-salarios-de-la-administracion-publica","status":"publish","type":"post","link":"https:\/\/chacosintesis.com.ar\/index.php\/con-aumento-este-lunes-comienza-el-pago-de-salarios-de-la-administracion-publica\/","title":{"rendered":"Con aumento, este lunes comienza el pago de salarios de la administraci\u00f3n p\u00fablica"},"content":{"rendered":"<p>El Ministerio de Planificaci\u00f3n, Econom\u00eda e Infraestructura record\u00f3 que el lunes y martes pr\u00f3ximo cobrar\u00e1n sus salarios las y los jubilados y las y los trabajadores activos de la Administraci\u00f3n P\u00fablica Provincial, con un aumento del 5%, tal como lo anunci\u00f3 el gobernador Jorge Capitanich.<br \/>\nEl titular de la cartera econ\u00f3mica Santiago P\u00e9rez Pons se\u00f1al\u00f3 que pagar los salarios antes de que finalice el mes es una pol\u00edtica del gobierno provincial que se mantiene desde hace m\u00e1s de un a\u00f1o. \u201cReafirmamos nuestro compromiso de cuidar el bolsillo de las familias chaque\u00f1as y brindar previsibilidad para los trabajadores y trabajadoras provinciales. Esta medida la podemos llevar adelante gracias a que contamos con una administraci\u00f3n ordenada y eficiente de los recursos\u201d, se\u00f1al\u00f3.<br \/>\nEl lunes cobrar\u00e1n las y los jubilados provinciales, mientras el martes lo har\u00e1n las y los trabajadores activos. Antes, el viernes 18, el Gobierno provincial deposit\u00f3 el refrigerio para los empleados p\u00fablicos.<br \/>\nCon el salario de noviembre est\u00e1 previsto el aumento del 5%, destinado a trabajadoras y trabajadores activos y pasivos de la administraci\u00f3n p\u00fablica. En octubre se realiz\u00f3 un aumento del 7% y se estableci\u00f3 otro del 5% para diciembre, totalizando en los tres \u00faltimos meses del a\u00f1o un 17%.<br \/>\nPor su parte, las y los docentes chaque\u00f1os tuvieron en octubre un incremento salarial del 20%, producto de la aplicaci\u00f3n de la cl\u00e1usula gatillo. As\u00ed, en lo que va del a\u00f1o, el sector educativo recibi\u00f3 un incremento salarial del 85%<\/p>\n","protected":false},"excerpt":{"rendered":"<p>El Ministerio de Planificaci\u00f3n, Econom\u00eda e Infraestructura record\u00f3 que el lunes y martes pr\u00f3ximo cobrar\u00e1n sus salarios las y los jubilados y las y los trabajadores activos de la Administraci\u00f3n P\u00fablica Provincial, con un aumento del 5%, tal como lo anunci\u00f3 el gobernador Jorge Capitanich. El titular de la cartera econ\u00f3mica Santiago P\u00e9rez Pons se\u00f1al\u00f3 [&hellip;]<\/p>\n","protected":false},"author":1,"featured_media":17867,"comment_status":"closed","ping_status":"closed","sticky":false,"template":"","format":"standard","meta":{"footnotes":""},"categories":[6],"tags":[],"class_list":{"0":"post-17866","1":"post","2":"type-post","3":"status-publish","4":"format-standard","5":"has-post-thumbnail","7":"category-chaco"},"_links":{"self":[{"href":"https:\/\/chacosintesis.com.ar\/index.php\/wp-json\/wp\/v2\/posts\/17866","targetHints":{"allow":["GET"]}}],"collection":[{"href":"https:\/\/chacosintesis.com.ar\/index.php\/wp-json\/wp\/v2\/posts"}],"about":[{"href":"https:\/\/chacosintesis.com.ar\/index.php\/wp-json\/wp\/v2\/types\/post"}],"author":[{"embeddable":true,"href":"https:\/\/chacosintesis.com.ar\/index.php\/wp-json\/wp\/v2\/users\/1"}],"replies":[{"embeddable":true,"href":"https:\/\/chacosintesis.com.ar\/index.php\/wp-json\/wp\/v2\/comments?post=17866"}],"version-history":[{"count":0,"href":"https:\/\/chacosintesis.com.ar\/index.php\/wp-json\/wp\/v2\/posts\/17866\/revisions"}],"wp:featuredmedia":[{"embeddable":true,"href":"https:\/\/chacosintesis.com.ar\/index.php\/wp-json\/wp\/v2\/media\/17867"}],"wp:attachment":[{"href":"https:\/\/chacosintesis.com.ar\/index.php\/wp-json\/wp\/v2\/media?parent=17866"}],"wp:term":[{"taxonomy":"category","embeddable":true,"href":"https:\/\/chacosintesis.com.ar\/index.php\/wp-json\/wp\/v2\/categories?post=17866"},{"taxonomy":"post_tag","embeddable":true,"href":"https:\/\/chacosintesis.com.ar\/index.php\/wp-json\/wp\/v2\/tags?post=17866"}],"curies":[{"name":"wp","href":"https:\/\/api.w.org\/{rel}","templated":true}]}}