{"id":17852,"date":"2022-11-26T12:19:33","date_gmt":"2022-11-26T15:19:33","guid":{"rendered":"https:\/\/chacosintesis.com.ar\/?p=17852"},"modified":"2022-11-26T12:37:44","modified_gmt":"2022-11-26T15:37:44","slug":"salud-publica-confirmo-el-primer-caso-de-viruela-simica-en-la-provincia","status":"publish","type":"post","link":"https:\/\/chacosintesis.com.ar\/index.php\/salud-publica-confirmo-el-primer-caso-de-viruela-simica-en-la-provincia\/","title":{"rendered":"Salud P\u00fablica confirm\u00f3 el primer caso de viruela s\u00edmica en la provincia"},"content":{"rendered":"<p>El paciente tiene antecedentes de viaje a Buenos Aires y Bariloche. Est\u00e1 con aislamiento domiciliario y evoluciona bien.<\/p>\n<p> A trav\u00e9s de su cuenta de Twitter, la ministra de Salud P\u00fablica, Carolina Centeno, confirm\u00f3 que el Chaco tiene el primer paciente con la viruela del mono. La detecci\u00f3n del caso fue gracias a la vigilancia epidemiol\u00f3gica del gobierno provincial. Hasta el momento se sabe que el paciente cero de viruela s\u00edmica hab\u00eda viajado a Buenos Aires y Bariloche.<\/p>\n<p> Recordemos que la viruela s\u00edmica es una zoonosis viral causada por un virus que pertenece al g\u00e9nero orthopoxvirus. Los s\u00edntomas incluyen fiebre, cefalea, dolor muscular, cansancio, ganglios inflamados y erupciones en la piel. El per\u00edodo de incubaci\u00f3n es de 4 a 21 d\u00edas.  La transmisi\u00f3n persona a persona se puede producir por contacto cercano con las lesiones y mucosas de una persona enferma, por compartir objetos contaminados o a trav\u00e9s de secreciones respiratorias de corto alcance (gotas). Centeno pidi\u00f3 a la poblaci\u00f3n que frente a la presencia de s\u00edntomas sospechosos, las personas acudan a los establecimientos de salud para un diagn\u00f3stico precoz y oportuno y para la aplicaci\u00f3n de los protocolos pertinentes.<\/p>\n<p>Hasta el 22 de noviembre pasado se confirmaron 895 casos en Argentina.<\/p>\n","protected":false},"excerpt":{"rendered":"<p>El paciente tiene antecedentes de viaje a Buenos Aires y Bariloche. Est\u00e1 con aislamiento domiciliario y evoluciona bien. A trav\u00e9s de su cuenta de Twitter, la ministra de Salud P\u00fablica, Carolina Centeno, confirm\u00f3 que el Chaco tiene el primer paciente con la viruela del mono. La detecci\u00f3n del caso fue gracias a la vigilancia epidemiol\u00f3gica [&hellip;]<\/p>\n","protected":false},"author":1,"featured_media":17853,"comment_status":"closed","ping_status":"closed","sticky":false,"template":"","format":"standard","meta":{"footnotes":""},"categories":[6],"tags":[197],"class_list":{"0":"post-17852","1":"post","2":"type-post","3":"status-publish","4":"format-standard","5":"has-post-thumbnail","7":"category-chaco","8":"tag-destacada"},"_links":{"self":[{"href":"https:\/\/chacosintesis.com.ar\/index.php\/wp-json\/wp\/v2\/posts\/17852","targetHints":{"allow":["GET"]}}],"collection":[{"href":"https:\/\/chacosintesis.com.ar\/index.php\/wp-json\/wp\/v2\/posts"}],"about":[{"href":"https:\/\/chacosintesis.com.ar\/index.php\/wp-json\/wp\/v2\/types\/post"}],"author":[{"embeddable":true,"href":"https:\/\/chacosintesis.com.ar\/index.php\/wp-json\/wp\/v2\/users\/1"}],"replies":[{"embeddable":true,"href":"https:\/\/chacosintesis.com.ar\/index.php\/wp-json\/wp\/v2\/comments?post=17852"}],"version-history":[{"count":0,"href":"https:\/\/chacosintesis.com.ar\/index.php\/wp-json\/wp\/v2\/posts\/17852\/revisions"}],"wp:featuredmedia":[{"embeddable":true,"href":"https:\/\/chacosintesis.com.ar\/index.php\/wp-json\/wp\/v2\/media\/17853"}],"wp:attachment":[{"href":"https:\/\/chacosintesis.com.ar\/index.php\/wp-json\/wp\/v2\/media?parent=17852"}],"wp:term":[{"taxonomy":"category","embeddable":true,"href":"https:\/\/chacosintesis.com.ar\/index.php\/wp-json\/wp\/v2\/categories?post=17852"},{"taxonomy":"post_tag","embeddable":true,"href":"https:\/\/chacosintesis.com.ar\/index.php\/wp-json\/wp\/v2\/tags?post=17852"}],"curies":[{"name":"wp","href":"https:\/\/api.w.org\/{rel}","templated":true}]}}