{"id":17850,"date":"2022-11-26T12:08:48","date_gmt":"2022-11-26T15:08:48","guid":{"rendered":"https:\/\/chacosintesis.com.ar\/?p=17850"},"modified":"2022-11-26T12:37:43","modified_gmt":"2022-11-26T15:37:43","slug":"polini-capitanich-debe-dar-urgentes-explicaciones-sobre-que-pasa-con-el-agua","status":"publish","type":"post","link":"https:\/\/chacosintesis.com.ar\/index.php\/polini-capitanich-debe-dar-urgentes-explicaciones-sobre-que-pasa-con-el-agua\/","title":{"rendered":"Polini: &#8220;Capitanich debe dar urgentes explicaciones sobre qu\u00e9 pasa con el agua&#8221;"},"content":{"rendered":"<p>El candidato a gobernador Juan Carlos Polini manifest\u00f3 su preocupaci\u00f3n sobre la situaci\u00f3n por la que atraviesa varias localidades del norte provincial, donde se observa una fuerte coloraci\u00f3n verde de las aguas y la presencia de algas sobre el R\u00edo Bermejo, donde se encuentran las tomas de las plantas de agua.<br \/>\nEspecialistas y gente de diferentes zonas, le advirtieron que el agua del Bermejo es de color muy verde, fen\u00f3meno nunca visto por esta zona. \u201cAlgunos dicen que son algas, que hay bacterias que pueden ser muy da\u00f1inas para la salud de la gente\u201d. \u201cSr. Gobernador. con la salud de la gente no se jode\u201d remat\u00f3.<br \/>\nAsimismo, pidi\u00f3 que, ante la gravedad de la situaci\u00f3n, es el gobernador el que debe explicar sobre qu\u00e9 est\u00e1 pasando, y cu\u00e1l es el plan de contingencias de SAMEEP y del APA para enfrentar esta situaci\u00f3n, haci\u00e9ndolo responsable directo al gobernador por los da\u00f1os que puede ocasionar en la salud de la gente. \u201cComo todo en la provincia, se intenta esconder y no darle trascendencia\u201d.<br \/>\nPolini record\u00f3 que \u00abel Segundo Acueducto fue inaugurado varias veces, se promete resolver el tema del agua en cada campa\u00f1a electoral, pero ahora, la realidad nos muestra la verdad de las cosas\u201d.<br \/>\n\u201cVoy a pedir informes urgentes de la situaci\u00f3n a trav\u00e9s de la legislatura nacional y provincial, para que los organismos nacionales y provinciales explique cual es el plan de contingencias\u201d.  Por \u00faltimo, dijo: \u201cEl agua es el derecho humano universal n\u00famero uno. Tiene que ser prioridad garantizar el acceso y la calidad de la misma\u201d.<br \/>\nEn la misma regi\u00f3n el problema del agua es muy grave. Hace pocos d\u00edas productores ganaderos lloraron frente al gobernador porque se le mueren los animales por la falta de agua.<\/p>\n","protected":false},"excerpt":{"rendered":"<p>El candidato a gobernador Juan Carlos Polini manifest\u00f3 su preocupaci\u00f3n sobre la situaci\u00f3n por la que atraviesa varias localidades del norte provincial, donde se observa una fuerte coloraci\u00f3n verde de las aguas y la presencia de algas sobre el R\u00edo Bermejo, donde se encuentran las tomas de las plantas de agua. Especialistas y gente de [&hellip;]<\/p>\n","protected":false},"author":1,"featured_media":17851,"comment_status":"closed","ping_status":"closed","sticky":false,"template":"","format":"standard","meta":{"footnotes":""},"categories":[6],"tags":[],"class_list":{"0":"post-17850","1":"post","2":"type-post","3":"status-publish","4":"format-standard","5":"has-post-thumbnail","7":"category-chaco"},"_links":{"self":[{"href":"https:\/\/chacosintesis.com.ar\/index.php\/wp-json\/wp\/v2\/posts\/17850","targetHints":{"allow":["GET"]}}],"collection":[{"href":"https:\/\/chacosintesis.com.ar\/index.php\/wp-json\/wp\/v2\/posts"}],"about":[{"href":"https:\/\/chacosintesis.com.ar\/index.php\/wp-json\/wp\/v2\/types\/post"}],"author":[{"embeddable":true,"href":"https:\/\/chacosintesis.com.ar\/index.php\/wp-json\/wp\/v2\/users\/1"}],"replies":[{"embeddable":true,"href":"https:\/\/chacosintesis.com.ar\/index.php\/wp-json\/wp\/v2\/comments?post=17850"}],"version-history":[{"count":0,"href":"https:\/\/chacosintesis.com.ar\/index.php\/wp-json\/wp\/v2\/posts\/17850\/revisions"}],"wp:featuredmedia":[{"embeddable":true,"href":"https:\/\/chacosintesis.com.ar\/index.php\/wp-json\/wp\/v2\/media\/17851"}],"wp:attachment":[{"href":"https:\/\/chacosintesis.com.ar\/index.php\/wp-json\/wp\/v2\/media?parent=17850"}],"wp:term":[{"taxonomy":"category","embeddable":true,"href":"https:\/\/chacosintesis.com.ar\/index.php\/wp-json\/wp\/v2\/categories?post=17850"},{"taxonomy":"post_tag","embeddable":true,"href":"https:\/\/chacosintesis.com.ar\/index.php\/wp-json\/wp\/v2\/tags?post=17850"}],"curies":[{"name":"wp","href":"https:\/\/api.w.org\/{rel}","templated":true}]}}