{"id":17846,"date":"2022-11-25T11:38:07","date_gmt":"2022-11-25T14:38:07","guid":{"rendered":"https:\/\/chacosintesis.com.ar\/?p=17846"},"modified":"2022-11-25T12:06:43","modified_gmt":"2022-11-25T15:06:43","slug":"un-joven-perdio-el-control-de-su-moto-la-caida-le-produjo-un-golpe-mortal","status":"publish","type":"post","link":"https:\/\/chacosintesis.com.ar\/index.php\/un-joven-perdio-el-control-de-su-moto-la-caida-le-produjo-un-golpe-mortal\/","title":{"rendered":"Un joven perdi\u00f3 el control de su moto: la ca\u00edda le produjo un golpe mortal"},"content":{"rendered":"<p>Un joven de 26 a\u00f1os perdi\u00f3 la vida esta ma\u00f1ana cuando perdi\u00f3 el control de su motocicleta y cay\u00f3 a la cinta asf\u00e1ltica. Intervino personal del Departamento 911 y Comisar\u00eda S\u00e9ptima.<\/p>\n<p>El hecho se produjo hoy a las 5:30, cuando los agentes del Departamento 911 tomaron conocimiento de un accidente de tr\u00e1nsito en la avenida Malvinas Argentinas y Necochea. De inmediato se trasladaron al lugar donde constataron que se trataba de una motocicleta guiada por un joven de 26 a\u00f1os, quien se encontraba lesionado.<\/p>\n<p>De inmediato arbitraron los medios para ser trasladado al nosocomio local, donde una vez all\u00ed, los galenos en turno, diagnosticaron que el joven se encontraba sin vida. Siendo identificado como Falc\u00f3n Enzo Mat\u00edas.<br \/>\nDe averiguaciones realizadas determinaron que el fallecido habr\u00eda perdido el control de su rodado y cay\u00f3 fuertemente a la cinta asf\u00e1ltica.<br \/>\nEn el lugar tomaron intervenci\u00f3n personal de la Comisar\u00eda Jurisdiccional, Criminal\u00edstica, quienes realizaron las diligencias de rigor. Posteriormente conforme a lo dispuesto por la magistratura en turno se hizo entrega del cuerpo a los familiares a los fines p\u00f3stumos.<br \/>\n DIARIO NORTE.-<\/p>\n","protected":false},"excerpt":{"rendered":"<p>Un joven de 26 a\u00f1os perdi\u00f3 la vida esta ma\u00f1ana cuando perdi\u00f3 el control de su motocicleta y cay\u00f3 a la cinta asf\u00e1ltica. Intervino personal del Departamento 911 y Comisar\u00eda S\u00e9ptima. El hecho se produjo hoy a las 5:30, cuando los agentes del Departamento 911 tomaron conocimiento de un accidente de tr\u00e1nsito en la avenida [&hellip;]<\/p>\n","protected":false},"author":1,"featured_media":17847,"comment_status":"closed","ping_status":"closed","sticky":false,"template":"","format":"standard","meta":{"footnotes":""},"categories":[6],"tags":[],"class_list":{"0":"post-17846","1":"post","2":"type-post","3":"status-publish","4":"format-standard","5":"has-post-thumbnail","7":"category-chaco"},"_links":{"self":[{"href":"https:\/\/chacosintesis.com.ar\/index.php\/wp-json\/wp\/v2\/posts\/17846","targetHints":{"allow":["GET"]}}],"collection":[{"href":"https:\/\/chacosintesis.com.ar\/index.php\/wp-json\/wp\/v2\/posts"}],"about":[{"href":"https:\/\/chacosintesis.com.ar\/index.php\/wp-json\/wp\/v2\/types\/post"}],"author":[{"embeddable":true,"href":"https:\/\/chacosintesis.com.ar\/index.php\/wp-json\/wp\/v2\/users\/1"}],"replies":[{"embeddable":true,"href":"https:\/\/chacosintesis.com.ar\/index.php\/wp-json\/wp\/v2\/comments?post=17846"}],"version-history":[{"count":0,"href":"https:\/\/chacosintesis.com.ar\/index.php\/wp-json\/wp\/v2\/posts\/17846\/revisions"}],"wp:featuredmedia":[{"embeddable":true,"href":"https:\/\/chacosintesis.com.ar\/index.php\/wp-json\/wp\/v2\/media\/17847"}],"wp:attachment":[{"href":"https:\/\/chacosintesis.com.ar\/index.php\/wp-json\/wp\/v2\/media?parent=17846"}],"wp:term":[{"taxonomy":"category","embeddable":true,"href":"https:\/\/chacosintesis.com.ar\/index.php\/wp-json\/wp\/v2\/categories?post=17846"},{"taxonomy":"post_tag","embeddable":true,"href":"https:\/\/chacosintesis.com.ar\/index.php\/wp-json\/wp\/v2\/tags?post=17846"}],"curies":[{"name":"wp","href":"https:\/\/api.w.org\/{rel}","templated":true}]}}