{"id":17840,"date":"2022-11-25T08:00:00","date_gmt":"2022-11-25T11:00:00","guid":{"rendered":"https:\/\/chacosintesis.com.ar\/?p=17840"},"modified":"2022-11-25T08:07:31","modified_gmt":"2022-11-25T11:07:31","slug":"este-lunes-y-martes-cobra-la-administracion-publica-provincial","status":"publish","type":"post","link":"https:\/\/chacosintesis.com.ar\/index.php\/este-lunes-y-martes-cobra-la-administracion-publica-provincial\/","title":{"rendered":"Este lunes y martes cobra la administraci\u00f3n p\u00fablica provincial"},"content":{"rendered":"<p>Tal como lo informara oportunamente el Ministerio de Planificaci\u00f3n, Econom\u00eda e Infraestructura de la provincia, el cronograma de pago de sueldos del mes de noviembre con un aumento del 5% como lo hab\u00eda anunciado el gobernador Jorge Capitanich, se desarrollar\u00e1 la pr\u00f3xima semana. De esta manera, el lunes 28 se abonar\u00e1n los salarios de las y los trabajadores pasivos y el martes 29 de las y los trabajadores activos de la administraci\u00f3n p\u00fablica provincial.<\/p>\n<p>Por otra parte, cabe recordar que para este salario (noviembre) est\u00e1 previsto el aumento del 5%, destinado a trabajadoras y trabajadores activos y pasivos de la administraci\u00f3n p\u00fablica. En octubre se realiz\u00f3 un aumento del 7% y se estableci\u00f3 otro del 5% para diciembre, totalizando en los tres \u00faltimos meses del a\u00f1o un 17%.<\/p>\n","protected":false},"excerpt":{"rendered":"<p>Tal como lo informara oportunamente el Ministerio de Planificaci\u00f3n, Econom\u00eda e Infraestructura de la provincia, el cronograma de pago de sueldos del mes de noviembre con un aumento del 5% como lo hab\u00eda anunciado el gobernador Jorge Capitanich, se desarrollar\u00e1 la pr\u00f3xima semana. De esta manera, el lunes 28 se abonar\u00e1n los salarios de las [&hellip;]<\/p>\n","protected":false},"author":1,"featured_media":17841,"comment_status":"closed","ping_status":"closed","sticky":false,"template":"","format":"standard","meta":{"footnotes":""},"categories":[6],"tags":[],"class_list":{"0":"post-17840","1":"post","2":"type-post","3":"status-publish","4":"format-standard","5":"has-post-thumbnail","7":"category-chaco"},"_links":{"self":[{"href":"https:\/\/chacosintesis.com.ar\/index.php\/wp-json\/wp\/v2\/posts\/17840","targetHints":{"allow":["GET"]}}],"collection":[{"href":"https:\/\/chacosintesis.com.ar\/index.php\/wp-json\/wp\/v2\/posts"}],"about":[{"href":"https:\/\/chacosintesis.com.ar\/index.php\/wp-json\/wp\/v2\/types\/post"}],"author":[{"embeddable":true,"href":"https:\/\/chacosintesis.com.ar\/index.php\/wp-json\/wp\/v2\/users\/1"}],"replies":[{"embeddable":true,"href":"https:\/\/chacosintesis.com.ar\/index.php\/wp-json\/wp\/v2\/comments?post=17840"}],"version-history":[{"count":0,"href":"https:\/\/chacosintesis.com.ar\/index.php\/wp-json\/wp\/v2\/posts\/17840\/revisions"}],"wp:featuredmedia":[{"embeddable":true,"href":"https:\/\/chacosintesis.com.ar\/index.php\/wp-json\/wp\/v2\/media\/17841"}],"wp:attachment":[{"href":"https:\/\/chacosintesis.com.ar\/index.php\/wp-json\/wp\/v2\/media?parent=17840"}],"wp:term":[{"taxonomy":"category","embeddable":true,"href":"https:\/\/chacosintesis.com.ar\/index.php\/wp-json\/wp\/v2\/categories?post=17840"},{"taxonomy":"post_tag","embeddable":true,"href":"https:\/\/chacosintesis.com.ar\/index.php\/wp-json\/wp\/v2\/tags?post=17840"}],"curies":[{"name":"wp","href":"https:\/\/api.w.org\/{rel}","templated":true}]}}