{"id":17826,"date":"2022-11-23T08:50:08","date_gmt":"2022-11-23T11:50:08","guid":{"rendered":"https:\/\/chacosintesis.com.ar\/?p=17826"},"modified":"2022-11-23T09:07:27","modified_gmt":"2022-11-23T12:07:27","slug":"chaco-gestiona-certificaciones-para-productos-foresto-industriales-chaquenos","status":"publish","type":"post","link":"https:\/\/chacosintesis.com.ar\/index.php\/chaco-gestiona-certificaciones-para-productos-foresto-industriales-chaquenos\/","title":{"rendered":"Chaco gestiona certificaciones para productos foresto-industriales chaque\u00f1os"},"content":{"rendered":"<p>Capitanich se reuni\u00f3 con autoridades de la organizaci\u00f3n Forest Stewardship Council (FSC) Internacional para definir un esquema de certificaci\u00f3n forestal para madera o papel.<br \/>\n El gobernador Jorge Capitanich se reuni\u00f3 con las autoridades de la organizaci\u00f3n Forest Stewardship Council (FSC) Internacional para avanzar sobre el tratamiento y los actores relacionados con el manejo forestal en el Chaco. El encuentro tuvo como uno de sus objetivos el desarrollo de un esquema de certificaci\u00f3n forestal adaptado a las caracter\u00edsticas provinciales, entre otros proyectos.<br \/>\nLa certificaci\u00f3n, otorgada por la FSC, garantiza que los productos foresto-industriales derivados, tales como madera o papel, provienen de un bosque gestionado de manera sostenible; y forma parte de las pol\u00edticas de desarrollo sostenible que impulsa la provincia. Se trata de un proceso que requiere el cumplimiento de una serie de requisitos, y que es acreditada y certificada por la organizaci\u00f3n tras cumplir con los est\u00e1ndares internacionales.<br \/>\nJunto al director General de la FSC, Kim Carstensen, y miembros del directorio, el mandatario chaque\u00f1o destac\u00f3 que la visita a la provincia de esta organizaci\u00f3n se da en un contexto en donde el Gobierno provincial, a trav\u00e9s del equipo t\u00e9cnico de la Direcci\u00f3n de Certificaci\u00f3n y Competitividad Forestal del Ministerio de Producci\u00f3n, Industria y Empleo, elabor\u00f3 un proyecto sobre certificaci\u00f3n forestal bajo est\u00e1ndares internacionales con la aplicaci\u00f3n del sistema Blockchain en territorio chaque\u00f1o.<br \/>\nEste proyecto consiste en la implementaci\u00f3n de un diagn\u00f3stico del sector forestal y foresto-industrial mediante la certificaci\u00f3n de experiencias piloto, que permitir\u00e1n el avance de un esquema de certificaci\u00f3n forestal adaptado a las caracter\u00edsticas provinciales, al igual que el desarrollo de un software que permita registrar la trazabilidad del sector forestal y ayude a mejorar los sistemas de gesti\u00f3n que se aplican en la actualidad.<br \/>\nEl subsecretario de Desarrollo Forestal, perteneciente al Ministerio de Producci\u00f3n, Industria y Empleo, Luciano Olivares, explic\u00f3 que el trabajo de FSC \u201cconsiste en acreditar la sustentabilidad en el manejo de los bosques nativos y los recursos forestales que provengan de estos recursos. Y eso sirve como una plataforma para lo que es el comercio internacional, lo cual es important\u00edsimo para la provincia. Entonces, contar con estas certificaciones podr\u00eda colocar a nuestros productos en mejores mercados\u201d.<br \/>\nChaco cuenta con casi 10.000.000 de hect\u00e1reas catastrales, de las cuales aproximadamente el 50% de su superficie se encuentra cubierta de bosques nativos. Se trata de la tercera provincia con mayor superficie de bosque nativo del pa\u00eds, lo que implica un escenario estrat\u00e9gico para el desarrollo de t\u00e9cnicas y acciones para la conservaci\u00f3n de sus bosques nativos.<br \/>\nEste enfoque sobre la conservaci\u00f3n es fundamental para la provincia, para resguardar y mejorar la provisi\u00f3n de servicios ambientales de los bosques chaque\u00f1os, as\u00ed como tambi\u00e9n para establecer sistemas de gesti\u00f3n que aseguren un aprovechamiento sustentable de los recursos forestales, necesarios para el funcionamiento de la producci\u00f3n y la industria forestal.<br \/>\nFSC Internacional es una asociaci\u00f3n civil sin fines de lucro en donde se re\u00fanen ciudadanos, empresas, gobiernos y oeneg\u00e9 con el objetivo com\u00fan de proteger bosques sanos y resilientes, fomentando la silvicultura responsable y un sistema de certificaci\u00f3n forestal m\u00e1s riguroso y fiable. Su etiqueta \u201cMarca de aprobaci\u00f3n m\u00e1s \u00e1rbol\u201d se encuentra en millones de productos en todo el mundo, lo que garantiza un abastecimiento sostenible desde el bosque hasta las estanter\u00edas de las tiendas.<br \/>\nTras la reuni\u00f3n, el director General de la FSC Internacional, Kim Carstensen, afirm\u00f3 que \u201ces claro que tenemos una visi\u00f3n y objetivos en com\u00fan entre lo que proponemos desde la FSC y el Gobierno para el manejo sustentable de los bosques. Veo que hay diferentes temas que deben ser atendidos en la provincia relacionados con la informalidad en el sector, pero tambi\u00e9n vemos una decisi\u00f3n pol\u00edtica importante para poder ordenar estas cuestiones y avanzar en la certificaci\u00f3n y el manejo de los bosques\u201d.<br \/>\nPor su parte, el director de FSC Argentina, Esteban Carabelli, remarc\u00f3 que \u201cdesde la organizaci\u00f3n vemos al Chaco como una provincia clave para ser l\u00edder y promover el manejo sustentable de los bosques. Esta reuni\u00f3n sirvi\u00f3 para pensar de qu\u00e9 manera el sistema de certificaci\u00f3n puede contribuir a su buen manejo, y el gobernador nos expres\u00f3 la trazabilidad de los productos de origen forestal que existen para fortalecer la calidad del empleo y poner en valor los servicios ecosist\u00e9micos que estos bosques generan\u201d.<br \/>\nEstuvieron presentes durante la reuni\u00f3n por parte del gobierno provincial, adem\u00e1s de Olivares, la directora de Certificaci\u00f3n y Competitividad Forestal, perteneciente al Ministerio de Producci\u00f3n, Industria y Empleo, Noelia Ordenavia; mientras que por FSC asistieron los miembros del Directorio Linda Fienberg, Ivone Namikawa, Stu Valentine, Per Larsson y Camila Carstensen; y los representantes del staff de la organizaci\u00f3n, Cintia Barzola y Jos\u00e9 Tagle.<\/p>\n","protected":false},"excerpt":{"rendered":"<p>Capitanich se reuni\u00f3 con autoridades de la organizaci\u00f3n Forest Stewardship Council (FSC) Internacional para definir un esquema de certificaci\u00f3n forestal para madera o papel. El gobernador Jorge Capitanich se reuni\u00f3 con las autoridades de la organizaci\u00f3n Forest Stewardship Council (FSC) Internacional para avanzar sobre el tratamiento y los actores relacionados con el manejo forestal en [&hellip;]<\/p>\n","protected":false},"author":1,"featured_media":17827,"comment_status":"closed","ping_status":"closed","sticky":false,"template":"","format":"standard","meta":{"footnotes":""},"categories":[6],"tags":[],"class_list":{"0":"post-17826","1":"post","2":"type-post","3":"status-publish","4":"format-standard","5":"has-post-thumbnail","7":"category-chaco"},"_links":{"self":[{"href":"https:\/\/chacosintesis.com.ar\/index.php\/wp-json\/wp\/v2\/posts\/17826","targetHints":{"allow":["GET"]}}],"collection":[{"href":"https:\/\/chacosintesis.com.ar\/index.php\/wp-json\/wp\/v2\/posts"}],"about":[{"href":"https:\/\/chacosintesis.com.ar\/index.php\/wp-json\/wp\/v2\/types\/post"}],"author":[{"embeddable":true,"href":"https:\/\/chacosintesis.com.ar\/index.php\/wp-json\/wp\/v2\/users\/1"}],"replies":[{"embeddable":true,"href":"https:\/\/chacosintesis.com.ar\/index.php\/wp-json\/wp\/v2\/comments?post=17826"}],"version-history":[{"count":0,"href":"https:\/\/chacosintesis.com.ar\/index.php\/wp-json\/wp\/v2\/posts\/17826\/revisions"}],"wp:featuredmedia":[{"embeddable":true,"href":"https:\/\/chacosintesis.com.ar\/index.php\/wp-json\/wp\/v2\/media\/17827"}],"wp:attachment":[{"href":"https:\/\/chacosintesis.com.ar\/index.php\/wp-json\/wp\/v2\/media?parent=17826"}],"wp:term":[{"taxonomy":"category","embeddable":true,"href":"https:\/\/chacosintesis.com.ar\/index.php\/wp-json\/wp\/v2\/categories?post=17826"},{"taxonomy":"post_tag","embeddable":true,"href":"https:\/\/chacosintesis.com.ar\/index.php\/wp-json\/wp\/v2\/tags?post=17826"}],"curies":[{"name":"wp","href":"https:\/\/api.w.org\/{rel}","templated":true}]}}