{"id":17822,"date":"2022-11-23T08:44:36","date_gmt":"2022-11-23T11:44:36","guid":{"rendered":"https:\/\/chacosintesis.com.ar\/?p=17822"},"modified":"2022-11-23T09:07:25","modified_gmt":"2022-11-23T12:07:25","slug":"mas-inversion-nacional-en-el-chaco-con-ambulancias-equipamientos-y-maquinarias-para-fortalecer-a-los-municipios","status":"publish","type":"post","link":"https:\/\/chacosintesis.com.ar\/index.php\/mas-inversion-nacional-en-el-chaco-con-ambulancias-equipamientos-y-maquinarias-para-fortalecer-a-los-municipios\/","title":{"rendered":"M\u00e1s inversi\u00f3n nacional en el Chaco con ambulancias, equipamientos y maquinarias para fortalecer a los municipios"},"content":{"rendered":"<p>Junto al gobernador Capitanich y a la vicegobernadora Rach Quiroga, el ministro De Pedro anunci\u00f3 que una de las plantas que producen DNI se radicar\u00e1 en Resistencia, en el marco de la descentralizaci\u00f3n de esas tareas hacia el interior. Y tambi\u00e9n confirm\u00f3 una nueva l\u00ednea de financiamiento para que las comunas tengan sus Mercados Municipales.<\/p>\n<p> El gobernador Jorge Capitanich y la vicegobernadora Anal\u00eda Rach Quiroga, junto al ministro del Interior de la Naci\u00f3n Eduardo \u201cWado\u201d De Pedro y la ministra de Salud Carla Vizzotti, encabezaron este martes el acto por el cual la Provincia recibi\u00f3 ocho ambulancias y diversos equipamientos y maquinarias para municipios, entre ellos, equipos para los 102 Centros de Documentaci\u00f3n R\u00e1pida (CDR) que forman parte de los registros civiles; y presentaron el programa Municipios de Pie a trav\u00e9s del cual se promueven los Mercados Municipales, una propuesta que tendr\u00e1 desembolsos por un total de $500 millones en el Chaco.<br \/>\nLas ambulancias entregadas por parte del Ministerio de Salud de la Naci\u00f3n a la Provincia implican una inversi\u00f3n total por $101.336.211, y se trata de la primera entrega de un total de 14 ambulancias que ser\u00e1n destinadas al Chaco.<br \/>\nEn esta etapa, son seis veh\u00edculos de traslado y dos veh\u00edculos de cuidados cr\u00edticos. Mientras que en la segunda etapa, en diciembre pr\u00f3ximo, llegar\u00e1n seis veh\u00edculos de tipo 4&#215;4.<br \/>\nLas ambulancias marca Mercedes Benz tipo Sprinter est\u00e1n destinadas a unidades de cuidados intensivos UCCEM, de Resistencia, y Hospital \u201c4 de Junio\u201d, de S\u00e1enz Pe\u00f1a, ambas de alta complejidad. Y las unidades de traslados a los hospitales \u201c9 de Julio\u201d de Las Bre\u00f1as; de Santa Sylvina, de Makall\u00e9; de General Pinedo; \u201cF\u00e9lix P\u00e9rtile\u201d de General San Mart\u00edn y \u201cEmilio Rodr\u00edguez\u201d de Quitilipi.<br \/>\nEn la ocasi\u00f3n, se rubricaron convenios, en el marco del programa Municipios de Pie, con Fuerte Esperanza y Makall\u00e9, a los cuales la cartera de Interior transferir\u00e1 fondos para adquirir equipamiento e insumos como computadoras, escritorios, equipos tecnol\u00f3gicos y una camioneta, que permitan una mejor atenci\u00f3n de las y los vecinos.<br \/>\nA la vez, se realiz\u00f3 el lanzamiento de Mercados Municipales con la firma de un acta compromiso. Y se rubric\u00f3 una adenda al convenio de financiamiento de las obras de refuncionalizaci\u00f3n del Puerto de Barranqueras.<br \/>\nEstuvieron presentes en el Centro de Convenciones Gala el subsecretario de Relaciones municipales del Interior Pablo Giles; Santiago Rodr\u00edguez, director nacional del Renaper; Carolina Centeno, ministra de Salud P\u00fablica del Chaco; Juan Manuel Chaco, ministro de Gobierno y Trabajo; y Santiago P\u00e9rez Pons, ministro de Planificaci\u00f3n Econom\u00eda e Infraestructura; adem\u00e1s de diputados provinciales y nacionales, junto a intendentes e intendentas.<\/p>\n<p>En el cierre de la serie de discursos de la jornada, Capitanich ponder\u00f3, en materia del derecho a la identidad, \u201clos elementos esenciales para 102 oficinas de registros civiles en la provincia, que son parte de una inversi\u00f3n equivalente a 23 millones de pesos\u201d. \u201cTenemos 66 intervenciones de ampliaci\u00f3n, remodelaci\u00f3n o nuevas construcciones de registros civiles y nuestra meta es llegar, en 2023, a 100 oficinas propias con equipamiento mobiliario, instalaciones adecuadas, recursos humanos calificados y tecnolog\u00eda de punta\u201d, subray\u00f3.<br \/>\nEn esa l\u00ednea, record\u00f3 que en sus tres mandatos constitucionales como gobernador del Chaco se habr\u00e1n entregado 1,2 millones de DNI. \u201cSeguramente llegaremos a cerca de 300.000 DNI gratuitos en 2023, lo que significa un Estado presente, con capacidad efectiva para llegar a cada localidad en distintos puntos de nuestra provincia\u201d, resalt\u00f3.<br \/>\nEn cuanto al derecho a la alimentaci\u00f3n, el mandatario record\u00f3 que la provincia tiene en ejecuci\u00f3n 15 mercados populares en distintas localidades, de los cuales uno es la Central Agroalimentaria. En conjunto, la inversi\u00f3n total \u2013dijo- supera los 1.400 millones de pesos. \u201cLa producci\u00f3n de frutas, verduras, hortalizas, carne, leche, huevos, productos de panificaci\u00f3n, permite el acceso a alimentos saludables y de buena calidad, generando un proceso de desintermediaci\u00f3n y un proceso de localizaci\u00f3n de emprendimientos para favorecer el desarrollo local. Nuestro gran objetivo es promover una consigna esencial: producir lo que consumimos, consumir lo que producimos\u201d, marc\u00f3.<br \/>\nAs\u00ed, Capitanich subray\u00f3 la necesidad de \u201cgarantizar transparencia en los mercados de comercializaci\u00f3n, porque si no, la apropiaci\u00f3n del excedente se la llevan siempre los mismos grupos olig\u00e1rquicos que luego conspiran contra nuestro pueblo aumentando los precios de los alimentos e impidiendo una vida digna\u201d.<br \/>\nEn materia de cifras, el gobernador mencion\u00f3 los cerca de 10.000 trabajadores y trabajadoras de la econom\u00eda popular, entre quienes se encuentran emprendedores, y unos 7.600 productores de la agricultura familiar nucleados en 105 consorcios, todos con tractores, equipamiento y herramientas. \u201cPara el a\u00f1o pr\u00f3ximo tendr\u00e1n 400 millones de pesos de asistencia del Estado con el objeto de garantizar un plan de producci\u00f3n agresivo para la producci\u00f3n de alimentos saludables\u201d, dijo.<br \/>\nPor eso, ponder\u00f3 que \u201clos mercados populares sean el punto de encuentro entre la oferta de los agricultores locales y la demanda de los consumidores, logrando productos saludables y m\u00e1s baratos, lo que va a permitir bajar el impacto de los precios de alimentos en el ingreso de la familia\u201d.<\/p>\n<p>Con respecto al derecho a la salud p\u00fablica y la recepci\u00f3n de las primeras 8 ambulancias de un total de 14, el gobernador mencion\u00f3 el plan de incorporaci\u00f3n de 72 ambulancias para llegar a las 290 ambulancias.<br \/>\n\u201cLa intervenci\u00f3n en materia sanitaria es significativa. Cuando nosotros asumimos el 10 de diciembre del 2007, la inversi\u00f3n de salud en la provincia era equivalente al 7% del presupuesto. Hoy es equivalente al 12%. Adem\u00e1s, generamos un fortalecimiento de las capacidades institucionales y queremos trabajar en un problema cr\u00edtico: la incorporaci\u00f3n de m\u00e9dicos en distintas especialidades\u201d, indic\u00f3.<br \/>\n\u201cEstamos muy agradecidos porque este programa de 14 ambulancias en total, m\u00e1s las 72 que se incorporar\u00e1n a partir del mes de marzo, dotar\u00e1n de una muy buena calidad para atender a nuestros hermanos y hermanas en distintos lugares de nuestra tierra\u201d, ponder\u00f3.<br \/>\nPor \u00faltimo, destac\u00f3 el impacto que tendr\u00e1 el programa Municipios de Pie, que llegar\u00e1 a 28 comunas chaque\u00f1as con inversiones por 278 millones de pesos. \u201cFortalecer\u00e1 la capacidad institucional de los municipios de prestar servicios p\u00fablicos de buena calidad\u201d, afirm\u00f3 y sum\u00f3: \u201cUn municipio con equipamiento presta mejor calidad de servicios y esa mejor calidad de servicios implica cercan\u00eda a la ciudadan\u00eda y logra garantizar un rol del Estado adecuado\u201d.<br \/>\n\u201cLo importante es entender lo que significa una estrategia de promoci\u00f3n de las pol\u00edticas p\u00fablicas y de acci\u00f3n directa. Ac\u00e1 no hay solamente intendentes o intendentas del Frente de Todos. Hay intendentes e intendentas de la oposici\u00f3n, con quienes trabajamos mancomunadamente en un programa de casi 168 mil millones de pesos, en una inversi\u00f3n en dos a\u00f1os, con acciones en el territorio\u201d, sostuvo.<br \/>\nFue m\u00e1s all\u00e1 y enfatiz\u00f3: \u201cNosotros no discriminamos a nadie, fortalecemos la capacidad de acci\u00f3n pol\u00edtica en el territorio y creemos que el pueblo elige en las urnas un compromiso de gesti\u00f3n. Como lo dijo Cristina el otro d\u00eda, Argentina necesita un gran consenso para ponernos de acuerdo en cuestiones trascendentales que superen la median\u00eda electoral, porque entendemos, como dec\u00eda Juan Domingo Per\u00f3n, a nuestro pa\u00eds nos salvamos entre todos o no lo salva nadie\u201d.<\/p>\n<p>Una Argentina mucho m\u00e1s federal<\/p>\n<p>\u201cEs un honor, como ministro del Interior, poder aportar material y tecnolog\u00eda para que los 102 registros civiles que hay en total en el Chaco queden totalmente tecnificados, y que chaque\u00f1os y chaque\u00f1as puedan tener la \u00faltima tecnolog\u00eda como la hay en cualquier rinc\u00f3n de Argentina, para que puedan hacer y tramitar el DNI\u201d, sostuvo De Pedro.<br \/>\nEn materia de anuncios, el funcionario nacional confirm\u00f3 que, producto de la descentralizaci\u00f3n de la f\u00e1brica de documentos nacionales de identidad, una de las provincias del Norte que recibir\u00e1 una planta productora de estos DNI ser\u00e1 el Chaco y otra provincia ser\u00e1 Tucum\u00e1n. En este punto destac\u00f3 que esta decisi\u00f3n es producto de las gestiones del Norte Grande y de los pedidos de sus gobernadores.<br \/>\nY, adem\u00e1s, confirm\u00f3 la l\u00ednea de financiamiento para que la provincia del Chaco pueda tener sus Mercados Municipales, a fin de ayudar a productores de alimentos y a los consumidores conformando un lugar de cercan\u00eda y sin intermediaci\u00f3n ni especulaci\u00f3n. \u201cEs otra herramienta m\u00e1s para combatir la inflaci\u00f3n\u201d, marc\u00f3.<br \/>\n\u201cCuando uno habla de federalismo, significa que en todos los rincones de la Argentina debe haber las mismas oportunidades, y eso es decisi\u00f3n pol\u00edtica, voluntad y capacidad de gesti\u00f3n. Vamos a seguir trabajando junto a los gobernadores del Norte Grande para tener una Argentina mucho m\u00e1s federal\u201d, resalt\u00f3.<br \/>\nPor otra parte, se refiri\u00f3 a la firma del complemento financiero para las obras que est\u00e1 desarrollando el Chaco en el Puerto de Barranqueras y en Las Palmas. \u201cCoqui, con su planificaci\u00f3n, nos ense\u00f1\u00f3 a quienes somos de otra generaci\u00f3n que el peronismo si quiere gobernar y generar certidumbre en el pueblo, debe aprender a gestionar con decisi\u00f3n, coraje, honestidad y valores federales\u201d, enfatiz\u00f3.<br \/>\nAnte intendentes e intendentas, De Pedro subray\u00f3 adem\u00e1s que el gobierno nacional, por instrucciones del presidente Alberto Fern\u00e1ndez, pone a disposici\u00f3n \u201ctodos los recursos para poder gobernar de manera federal, generando las condiciones para que haya empleo formal, genuino en cada rinc\u00f3n de la Argentina\u201d. \u201cEse federalismo que significa trabajo e igualdad de oportunidades se hace con inversiones, con una combinaci\u00f3n y un consenso entre sector p\u00fablico y privado, planificando e invistiendo, cambiando o empujando la matriz productiva\u201d, acot\u00f3.<\/p>\n<p>Programa Municipios de Pie<\/p>\n<p>El Programa Municipios de Pie tiene como objetivo fortalecer a los gobiernos locales a trav\u00e9s de la asistencia financiera para la adquisici\u00f3n de bienes de capital, promoviendo el desarrollo local y la autonom\u00eda municipal. Durante los a\u00f1os 2020 &#8211; 2021- 2022, se han ejecutado 28 proyectos por un monto total de $277.915.985 destinados a 24 municipios de la Provincia.<br \/>\nEn ocasi\u00f3n de este acto realizado hoy en el Convenciones Gala, estuvieron en exposici\u00f3n las siguientes maquinarias: a Leonesa ,1 tractor; Los Frentones: 1 camioneta y 1 auto; Lapachito, 1 utilitario y desmalezadoras; Machagai, cami\u00f3n compactador para recolecci\u00f3n diferenciada de planta RSU; y Villa Berthet, retroexcavadora.<\/p>\n<p>Equipamientos para CDRs<\/p>\n<p>En los Centros de Documentaci\u00f3n R\u00e1pida se concretar\u00e1 la renovaci\u00f3n del 100% del equipamiento para tomar tr\u00e1mites de DNI y pasaporte en las 102 oficinas del registro civil que existen en la provincia.<br \/>\nHac\u00eda m\u00e1s de 10 a\u00f1os que el Chaco no recib\u00eda equipamiento de esta magnitud. En la gesti\u00f3n anterior solo recibieron 4 equipos. Esta renovaci\u00f3n permitir\u00e1 mayor capacidad de toma de tr\u00e1mites y mejor servicio de cara a la ciudadan\u00eda.<br \/>\nLa entrega de equipamiento consisti\u00f3 en:<br \/>\n-127 puestos fijos de toma de tr\u00e1mites: PC, lectores de huellas, scanners de firma, c\u00e1maras de foto para captura biom\u00e9trica (103 ahora, que se suman a 24 entregados el a\u00f1o pasado).<br \/>\n-4 puestos m\u00f3viles de toma de tr\u00e1mites (2 ahora, que se suman a 2 entregados el a\u00f1o pasado).<br \/>\n-134 lectores de c\u00f3digo de barra.<br \/>\n34 impresoras multifunci\u00f3n.<\/p>\n<p>Adenda al convenio por infraestrcutura portuaria en Barranqueras<\/p>\n<p>La adenda rubricada entre Naci\u00f3n y Provincia se concret\u00f3 sobre el convenio de asistencia financiera y adhesi\u00f3n entre el Fondo Fiduciario Federal de Infraestructura Regional y la Provincia del Chaco, para seguir avanzando con las obras de \u201cRefuncionalizaci\u00f3n del acceso y playa de estacionamiento\u201d, y \u201cRepavimentaci\u00f3n y construcci\u00f3n de pavimento y dos rotondas\u201d en el Puerto de Barranqueras.<br \/>\nEn este sentido, el fondo ampliar\u00e1 la asistencia financiera por la suma de $563.990.356, y realizar\u00e1 un pr\u00e9stamo de $1.385.807.856 para culminar con la obra.<\/p>\n","protected":false},"excerpt":{"rendered":"<p>Junto al gobernador Capitanich y a la vicegobernadora Rach Quiroga, el ministro De Pedro anunci\u00f3 que una de las plantas que producen DNI se radicar\u00e1 en Resistencia, en el marco de la descentralizaci\u00f3n de esas tareas hacia el interior. Y tambi\u00e9n confirm\u00f3 una nueva l\u00ednea de financiamiento para que las comunas tengan sus Mercados Municipales. [&hellip;]<\/p>\n","protected":false},"author":1,"featured_media":17823,"comment_status":"closed","ping_status":"closed","sticky":false,"template":"","format":"standard","meta":{"footnotes":""},"categories":[6],"tags":[],"class_list":{"0":"post-17822","1":"post","2":"type-post","3":"status-publish","4":"format-standard","5":"has-post-thumbnail","7":"category-chaco"},"_links":{"self":[{"href":"https:\/\/chacosintesis.com.ar\/index.php\/wp-json\/wp\/v2\/posts\/17822","targetHints":{"allow":["GET"]}}],"collection":[{"href":"https:\/\/chacosintesis.com.ar\/index.php\/wp-json\/wp\/v2\/posts"}],"about":[{"href":"https:\/\/chacosintesis.com.ar\/index.php\/wp-json\/wp\/v2\/types\/post"}],"author":[{"embeddable":true,"href":"https:\/\/chacosintesis.com.ar\/index.php\/wp-json\/wp\/v2\/users\/1"}],"replies":[{"embeddable":true,"href":"https:\/\/chacosintesis.com.ar\/index.php\/wp-json\/wp\/v2\/comments?post=17822"}],"version-history":[{"count":0,"href":"https:\/\/chacosintesis.com.ar\/index.php\/wp-json\/wp\/v2\/posts\/17822\/revisions"}],"wp:featuredmedia":[{"embeddable":true,"href":"https:\/\/chacosintesis.com.ar\/index.php\/wp-json\/wp\/v2\/media\/17823"}],"wp:attachment":[{"href":"https:\/\/chacosintesis.com.ar\/index.php\/wp-json\/wp\/v2\/media?parent=17822"}],"wp:term":[{"taxonomy":"category","embeddable":true,"href":"https:\/\/chacosintesis.com.ar\/index.php\/wp-json\/wp\/v2\/categories?post=17822"},{"taxonomy":"post_tag","embeddable":true,"href":"https:\/\/chacosintesis.com.ar\/index.php\/wp-json\/wp\/v2\/tags?post=17822"}],"curies":[{"name":"wp","href":"https:\/\/api.w.org\/{rel}","templated":true}]}}