{"id":17794,"date":"2022-11-18T08:31:15","date_gmt":"2022-11-18T11:31:15","guid":{"rendered":"https:\/\/chacosintesis.com.ar\/?p=17794"},"modified":"2022-11-18T08:36:50","modified_gmt":"2022-11-18T11:36:50","slug":"sorpresiva-demanda-de-casos-febriles-virales-en-el-pediatrico","status":"publish","type":"post","link":"https:\/\/chacosintesis.com.ar\/index.php\/sorpresiva-demanda-de-casos-febriles-virales-en-el-pediatrico\/","title":{"rendered":"Sorpresiva demanda de casos febriles virales en el Pedi\u00e1trico"},"content":{"rendered":"<p>Cambios bruscos de temperatura y uso de aire acondicionado, entre las causas m\u00e1s evidentes. Las atenciones por d\u00eda llegan a alrededor de 500.<br \/>\nEl Hospital Pedi\u00e1trico Doctor Avelino Castel\u00e1n de Resistencia concentra gran parte de la labor pedi\u00e1trica de la provincia. En esa realidad, el centro sanitario atraviesa una \u2018sorpresiva\u2018 demanda seg\u00fan se\u00f1alaron desde el lugar a NORTE en casos febriles de origen viral.<br \/>\nHugo Ramos es un m\u00e9dico pediatra de 57 a\u00f1os con larga trayectoria en el hospital. Es jefe de servicio de Orientaci\u00f3n M\u00e9dica y Derivaciones Pedi\u00e1tricas, est\u00e1 a cargo del servicio de Auditor\u00eda M\u00e9dica, y adem\u00e1s realiza guardias, es decir, atiende pacientes.<br \/>\nEn di\u00e1logo con NORTE, Ramos asegur\u00f3 que existe una \u2018sorpresiva demanda en el Pedi\u00e1trico de febriles de origen viral, tanto que llegamos a atender entre 400 y 500 consultas por d\u00eda, siendo que a\u00f1os anterior como 2020 y 2021 en las \u00e9pocas invernales llegamos a entre 300 y 400 consultas por d\u00eda. Llama la atenci\u00f3n tambi\u00e9n que ocurra en una \u00e9poca primaveral casi acerc\u00e1ndose al verano, ya que generalmente se espera este pico en \u00e9pocas invernales, ahora estamos atendiendo m\u00e1s consultas que \u00e9pocas invernales pasadas\u2018.<br \/>\nEl m\u00e9dico pediatra asegura que son entre 17 y 20 consultas por hora durante las 24 horas del d\u00eda, \u2018porque se atienden casos ma\u00f1ana, tarde, noche, madrugada, todo el tiempo. Las consultas son en su mayor\u00eda, entre un 70 y 80 por ciento, por fiebre por una causa viral como resfr\u00edo o gripe. Nos sorprende porque esta \u00e9poca el Pedi\u00e1trico espera otra patolog\u00edas, y no es algo que pasa aqu\u00ed nom\u00e1s en Resistencia o Chaco, sino un fen\u00f3meno que se est\u00e1 dando en todo el pa\u00eds, y que se suma a las alergias t\u00edpicas de esta \u00e9poca\u2018.<br \/>\nEn este sentido, Ramos se\u00f1ala que puede haber m\u00faltiples causas que originen estos cuadros, pero lo m\u00e1s com\u00fan es el cambio brusco de temperatura. Esto es, estar por ejemplo en un ambiente fresco con aire acondicionado y salir de golpe al calor en el aire libre. O pasar la tarde con el calor y llegar desabrigado a la noche, cuando baja la temperatura.<br \/>\nEL TRABAJO DIARIO<br \/>\nEn este marco, Ramos se\u00f1al\u00f3 que en el trabajo diario permanecen con el uso de barbijo y las recomendaciones habituales para atenci\u00f3n de pacientes con patolog\u00edas respiratorias. Lamentablemente, la demanda de pacientes es alta y los profesionales son escasos: \u2018Imag\u00ednese, apenas tres m\u00e9dicos pediatras encarg\u00e1ndose de la atenci\u00f3n de pacientes, que llegan de a 20 consultas por hora. Hacemos malabares. Mis compa\u00f1eros y yo la verdad que estamos un poco agotados\u2018.<br \/>\n\u2018Llega un momento en que se desborda todo. Hay mucha gente esperando, y la gente sigue llegando las 24 horas del d\u00eda. Y escuchamos que se quejan por las demoras, pero es lo que se puede\u2018, agreg\u00f3.<br \/>\nPOSTALES DE LA ALT\u00cdSIMA DEMANDA<br \/>\nNORTE visit\u00f3 el Hospital Pedi\u00e1trico y se pudo observar la alta demanda de pacientes que llegan al edificio. Una sala de espera con decenas de padres con sus hijos a la espera de atenci\u00f3n m\u00e9dica es la postal de uno de los centros sanitarios pedi\u00e1tricos m\u00e1s grandes de la regi\u00f3n.<br \/>\nNorte.-<br \/>\nTags : destacada<\/p>\n","protected":false},"excerpt":{"rendered":"<p>Cambios bruscos de temperatura y uso de aire acondicionado, entre las causas m\u00e1s evidentes. Las atenciones por d\u00eda llegan a alrededor de 500. El Hospital Pedi\u00e1trico Doctor Avelino Castel\u00e1n de Resistencia concentra gran parte de la labor pedi\u00e1trica de la provincia. En esa realidad, el centro sanitario atraviesa una \u2018sorpresiva\u2018 demanda seg\u00fan se\u00f1alaron desde el [&hellip;]<\/p>\n","protected":false},"author":1,"featured_media":17795,"comment_status":"closed","ping_status":"closed","sticky":false,"template":"","format":"standard","meta":{"footnotes":""},"categories":[6],"tags":[],"class_list":{"0":"post-17794","1":"post","2":"type-post","3":"status-publish","4":"format-standard","5":"has-post-thumbnail","7":"category-chaco"},"_links":{"self":[{"href":"https:\/\/chacosintesis.com.ar\/index.php\/wp-json\/wp\/v2\/posts\/17794","targetHints":{"allow":["GET"]}}],"collection":[{"href":"https:\/\/chacosintesis.com.ar\/index.php\/wp-json\/wp\/v2\/posts"}],"about":[{"href":"https:\/\/chacosintesis.com.ar\/index.php\/wp-json\/wp\/v2\/types\/post"}],"author":[{"embeddable":true,"href":"https:\/\/chacosintesis.com.ar\/index.php\/wp-json\/wp\/v2\/users\/1"}],"replies":[{"embeddable":true,"href":"https:\/\/chacosintesis.com.ar\/index.php\/wp-json\/wp\/v2\/comments?post=17794"}],"version-history":[{"count":0,"href":"https:\/\/chacosintesis.com.ar\/index.php\/wp-json\/wp\/v2\/posts\/17794\/revisions"}],"wp:featuredmedia":[{"embeddable":true,"href":"https:\/\/chacosintesis.com.ar\/index.php\/wp-json\/wp\/v2\/media\/17795"}],"wp:attachment":[{"href":"https:\/\/chacosintesis.com.ar\/index.php\/wp-json\/wp\/v2\/media?parent=17794"}],"wp:term":[{"taxonomy":"category","embeddable":true,"href":"https:\/\/chacosintesis.com.ar\/index.php\/wp-json\/wp\/v2\/categories?post=17794"},{"taxonomy":"post_tag","embeddable":true,"href":"https:\/\/chacosintesis.com.ar\/index.php\/wp-json\/wp\/v2\/tags?post=17794"}],"curies":[{"name":"wp","href":"https:\/\/api.w.org\/{rel}","templated":true}]}}