{"id":17788,"date":"2022-11-17T09:19:55","date_gmt":"2022-11-17T12:19:55","guid":{"rendered":"https:\/\/chacosintesis.com.ar\/?p=17788"},"modified":"2022-11-17T09:22:40","modified_gmt":"2022-11-17T12:22:40","slug":"la-banda-de-cumbia-chaquena-viento-norte-tocara-en-qatar","status":"publish","type":"post","link":"https:\/\/chacosintesis.com.ar\/index.php\/la-banda-de-cumbia-chaquena-viento-norte-tocara-en-qatar\/","title":{"rendered":"La banda de cumbia chaque\u00f1a, Viento Norte tocar\u00e1 en Qatar"},"content":{"rendered":"<p>Entre miles de postulantes y sorteando las distintas instancias de selecci\u00f3n, Viento Norte ha sido seleccionada para representar a la Argentina.<br \/>\nA d\u00edas de comenzar el Mundial Qatar 2022, Viento Norte confirm\u00f3 su participaci\u00f3n en los diversos escenarios que se montar\u00e1n en el pa\u00eds \u00e1rabe, para que hinchas de todo el mundo vivan las previas y post partidos como una verdadera fiesta.<br \/>\nQatar apunta a sumar una experiencia cultural para ofrecer ante los miles de hinchas que llegar\u00e1n a Doha para la gran fiesta del f\u00fatbol, y es con este objetivo que el Comit\u00e9 de organizaci\u00f3n lanz\u00f3 meses atr\u00e1s una convocatoria a nivel mundial para que distintos artistas puedan exponer sus propuestas durante el Mundial.<br \/>\nBanda consolidada del litoral<br \/>\nFormada en la ciudad de Resistencia, Viento Norte se consolid\u00f3 en el Litoral como parte de la nueva escena cumbiera en sus ochos a\u00f1os de trayectoria, sin temerle a las canciones propias ni a los cl\u00e1sicos del estilo.<br \/>\nSus integrantes provienen de distintos \u00e1mbitos; pop, rock, mel\u00f3dico y tropical. Es esa mistura de estilos y el profesionalismo con el que siempre se desempe\u00f1an que ha hecho de la agrupaci\u00f3n un \u00e9xito en su provincia y alrededores.<br \/>\nEn 2014 crean la fiesta aniversario de la banda, &#8220;El Cumbiodromo&#8221; y es desde entonces que la misma se desarrolla todos los a\u00f1os con m\u00e1s de 5.000 personas en cada edici\u00f3n y con artistas invitados como Karina, Lucas Sugo, Los Totora, Miss Bolivia, entre otros.<br \/>\nSus integrantes son Mauro Siri, Marcos Parvanoff, Guido Romero Scherf, Emiliano Gonz\u00e1lez  y Pablo Gonz\u00e1lez.<br \/>\nDiarioNorte.-<\/p>\n","protected":false},"excerpt":{"rendered":"<p>Entre miles de postulantes y sorteando las distintas instancias de selecci\u00f3n, Viento Norte ha sido seleccionada para representar a la Argentina. A d\u00edas de comenzar el Mundial Qatar 2022, Viento Norte confirm\u00f3 su participaci\u00f3n en los diversos escenarios que se montar\u00e1n en el pa\u00eds \u00e1rabe, para que hinchas de todo el mundo vivan las previas [&hellip;]<\/p>\n","protected":false},"author":1,"featured_media":17789,"comment_status":"closed","ping_status":"closed","sticky":false,"template":"","format":"standard","meta":{"footnotes":""},"categories":[6],"tags":[],"class_list":{"0":"post-17788","1":"post","2":"type-post","3":"status-publish","4":"format-standard","5":"has-post-thumbnail","7":"category-chaco"},"_links":{"self":[{"href":"https:\/\/chacosintesis.com.ar\/index.php\/wp-json\/wp\/v2\/posts\/17788","targetHints":{"allow":["GET"]}}],"collection":[{"href":"https:\/\/chacosintesis.com.ar\/index.php\/wp-json\/wp\/v2\/posts"}],"about":[{"href":"https:\/\/chacosintesis.com.ar\/index.php\/wp-json\/wp\/v2\/types\/post"}],"author":[{"embeddable":true,"href":"https:\/\/chacosintesis.com.ar\/index.php\/wp-json\/wp\/v2\/users\/1"}],"replies":[{"embeddable":true,"href":"https:\/\/chacosintesis.com.ar\/index.php\/wp-json\/wp\/v2\/comments?post=17788"}],"version-history":[{"count":0,"href":"https:\/\/chacosintesis.com.ar\/index.php\/wp-json\/wp\/v2\/posts\/17788\/revisions"}],"wp:featuredmedia":[{"embeddable":true,"href":"https:\/\/chacosintesis.com.ar\/index.php\/wp-json\/wp\/v2\/media\/17789"}],"wp:attachment":[{"href":"https:\/\/chacosintesis.com.ar\/index.php\/wp-json\/wp\/v2\/media?parent=17788"}],"wp:term":[{"taxonomy":"category","embeddable":true,"href":"https:\/\/chacosintesis.com.ar\/index.php\/wp-json\/wp\/v2\/categories?post=17788"},{"taxonomy":"post_tag","embeddable":true,"href":"https:\/\/chacosintesis.com.ar\/index.php\/wp-json\/wp\/v2\/tags?post=17788"}],"curies":[{"name":"wp","href":"https:\/\/api.w.org\/{rel}","templated":true}]}}