{"id":17775,"date":"2022-11-16T10:43:45","date_gmt":"2022-11-16T13:43:45","guid":{"rendered":"https:\/\/chacosintesis.com.ar\/?p=17775"},"modified":"2022-11-16T11:09:58","modified_gmt":"2022-11-16T14:09:58","slug":"con-el-embarque-de-mas-de-23-000-toneladas-de-soja-se-reactiva-la-logistica-del-puerto-de-barranqueras","status":"publish","type":"post","link":"https:\/\/chacosintesis.com.ar\/index.php\/con-el-embarque-de-mas-de-23-000-toneladas-de-soja-se-reactiva-la-logistica-del-puerto-de-barranqueras\/","title":{"rendered":"Con el embarque de m\u00e1s de 23.000 toneladas de soja, se reactiva la log\u00edstica del Puerto de Barranqueras"},"content":{"rendered":"<p>Con la presencia del gobernador Jorge Capitanich, la intendenta de Barranqueras, Magda Ayala, y la presidenta de la compa\u00f1\u00eda, Lidia C\u00e1ceres, se reactiv\u00f3 la log\u00edstica luego de 21 meses de inactividad y de cinco meses de almacenamiento de esta cosecha, ya que la altura del r\u00edo no permit\u00eda el ingreso del transporte h\u00eddrico.<\/p>\n<p>En la ma\u00f1ana del mi\u00e9rcoles, la Compa\u00f1\u00eda Log\u00edstica del Norte (COLONO S.A) retom\u00f3 sus actividades con el embarque de 23.200 toneladas de sojas que tienen como destino el puerto Timb\u00faes de Santa F\u00e9. El traslado se realizar\u00e1 en 18 barcazas (cuatro por d\u00eda).<br \/>\nCon la presencia del gobernador Jorge Capitanich, la intendenta de Barranqueras, Magda Ayala, y la presidenta de la compa\u00f1\u00eda, Lidia C\u00e1ceres, se reactiv\u00f3 la log\u00edstica luego de 21 meses de inactividad y de cinco meses de almacenamiento de esta cosecha, ya que la altura del r\u00edo no permit\u00eda el ingreso del transporte h\u00eddrico.<br \/>\nEl primer mandatario provincial se refiri\u00f3 a esto como un plan de \u201crevitalizaci\u00f3n\u201d y expres\u00f3 que desde el Gobierno se est\u00e1 \u201crestituyendo esto que es una log\u00edstica importante y que es una fuente de generaci\u00f3n de empleo para much\u00edsimas familias\u201d.<br \/>\nDetall\u00f3 que Chaco tiene en stock 35 mil toneladas de ma\u00edz y que se establecer\u00e1n los \u201cmecanismos de embarque correspondiente para garantizar su operatoria\u201d.<br \/>\nCapitanich dijo que el 24 de noviembre, en la pr\u00f3xima reuni\u00f3n del Consejo de la Hidrov\u00eda Paran\u00e1-Paraguay, la provincia va a exigir la posibilidad de la competitividad a partir del acceso a las v\u00edas navegables principales y secundarias y el acceso a los puertos.<br \/>\n\u201cNecesitamos generar una superaci\u00f3n de las restricciones porque tenemos una asimetr\u00eda severa con la rep\u00fablica hermana del Paraguay\u201d, indic\u00f3 el mandatario y asegur\u00f3 que existe \u201cun problema serio de operatividad, tanto portuaria como de transporte fluvial\u201d.<br \/>\nEl gobernador asever\u00f3 que \u201cel sistema de log\u00edstica integrada no est\u00e1 debidamente organizado en Argentina\u201d y a\u00f1adi\u00f3: \u201cpretendemos que se transfiera la titularidad del dominio del inmueble y que forme parte del patrimonio p\u00fablico del estado provincial como corresponde leg\u00edtimamente a la provincia del Chaco\u201d.<br \/>\n&#8220;Interactuar con el sistema multimodal de cargas, integrando el sistema ferroviario, el sistema fluvial y el sistema de transporte de cargas con arrime incluido es lo que nos va a permitir una mejor optimizaci\u00f3n en la estructura de costos&#8221;, dijo el gobernador. &#8220;Estamos trabajando en fortalecer la zona franca, transferencia de cargas y puerto seco para mejorar la integraci\u00f3n de los parques industriales y los procesos de elaboraci\u00f3n de productos en nuestra base productiva de la provincia&#8221;, concluy\u00f3.<br \/>\nLa Compa\u00f1\u00eda Log\u00edstica del Norte garantiz\u00f3 el acondicionamiento y almacenaje del grano. Desde la empresa, que tiene participaci\u00f3n estatal, sostienen que esto implica \u201cel fortalecimiento del aparato productivo de base industrial que tiene la provincia&#8221;.<br \/>\nDesde COLONO S.A afirman que la empresa reconvirti\u00f3 sus servicios a la log\u00edstica terrestre y servicios complementarios, para mantener la gesti\u00f3n operativa y comercial que le ha permitido sostenerse en el tiempo.<br \/>\nEl mes que viene se planifica un operativo similar para los granos de ma\u00edz.<\/p>\n","protected":false},"excerpt":{"rendered":"<p>Con la presencia del gobernador Jorge Capitanich, la intendenta de Barranqueras, Magda Ayala, y la presidenta de la compa\u00f1\u00eda, Lidia C\u00e1ceres, se reactiv\u00f3 la log\u00edstica luego de 21 meses de inactividad y de cinco meses de almacenamiento de esta cosecha, ya que la altura del r\u00edo no permit\u00eda el ingreso del transporte h\u00eddrico. En la [&hellip;]<\/p>\n","protected":false},"author":1,"featured_media":17776,"comment_status":"closed","ping_status":"closed","sticky":false,"template":"","format":"standard","meta":{"footnotes":""},"categories":[6],"tags":[],"class_list":{"0":"post-17775","1":"post","2":"type-post","3":"status-publish","4":"format-standard","5":"has-post-thumbnail","7":"category-chaco"},"_links":{"self":[{"href":"https:\/\/chacosintesis.com.ar\/index.php\/wp-json\/wp\/v2\/posts\/17775","targetHints":{"allow":["GET"]}}],"collection":[{"href":"https:\/\/chacosintesis.com.ar\/index.php\/wp-json\/wp\/v2\/posts"}],"about":[{"href":"https:\/\/chacosintesis.com.ar\/index.php\/wp-json\/wp\/v2\/types\/post"}],"author":[{"embeddable":true,"href":"https:\/\/chacosintesis.com.ar\/index.php\/wp-json\/wp\/v2\/users\/1"}],"replies":[{"embeddable":true,"href":"https:\/\/chacosintesis.com.ar\/index.php\/wp-json\/wp\/v2\/comments?post=17775"}],"version-history":[{"count":0,"href":"https:\/\/chacosintesis.com.ar\/index.php\/wp-json\/wp\/v2\/posts\/17775\/revisions"}],"wp:featuredmedia":[{"embeddable":true,"href":"https:\/\/chacosintesis.com.ar\/index.php\/wp-json\/wp\/v2\/media\/17776"}],"wp:attachment":[{"href":"https:\/\/chacosintesis.com.ar\/index.php\/wp-json\/wp\/v2\/media?parent=17775"}],"wp:term":[{"taxonomy":"category","embeddable":true,"href":"https:\/\/chacosintesis.com.ar\/index.php\/wp-json\/wp\/v2\/categories?post=17775"},{"taxonomy":"post_tag","embeddable":true,"href":"https:\/\/chacosintesis.com.ar\/index.php\/wp-json\/wp\/v2\/tags?post=17775"}],"curies":[{"name":"wp","href":"https:\/\/api.w.org\/{rel}","templated":true}]}}