{"id":17773,"date":"2022-11-16T10:38:50","date_gmt":"2022-11-16T13:38:50","guid":{"rendered":"https:\/\/chacosintesis.com.ar\/?p=17773"},"modified":"2022-11-16T10:39:50","modified_gmt":"2022-11-16T13:39:50","slug":"peche-gerardo-morales-ha-demostrado-que-se-puede-gobernar-con-austeridad-honestidad-y-orden","status":"publish","type":"post","link":"https:\/\/chacosintesis.com.ar\/index.php\/peche-gerardo-morales-ha-demostrado-que-se-puede-gobernar-con-austeridad-honestidad-y-orden\/","title":{"rendered":"Peche: &#8220;Gerardo Morales ha demostrado que se puede gobernar con austeridad, honestidad y orden&#8221;"},"content":{"rendered":"<p>El dos veces intendente de Presidencia Roque S\u00e1enz Pe\u00f1a y presidente del Interbloque de diputados de la UCR, Carim Peche, di\u00f3 detalles de la visita que realizar\u00e1 al Chaco este jueves 17 de noviembre el presidente del Comit\u00e9 Nacional de la UCR, gobernador de la provincia de Jujuy y precandidato a presidente de la Naci\u00f3n, Gerardo Morales. Por la ma\u00f1ana estar\u00e1 en Presidencia Roque S\u00e1enz Pe\u00f1a y por la tarde en Resistencia.<\/p>\n<p>Sobre la visita del dirigente nacional, Peche expres\u00f3 su expectativa \u201cSer\u00e1 una excelente oportunidad para los saenzpe\u00f1enses de poder conocer e intercambiar ideas con Gerardo Morales, un hombre que ha demostrado que se puede gobernar con austeridad, honestidad,  orden, y as\u00ed mejorar la vida de los ciudadanos, lo hace cada d\u00eda en su provincia y est\u00e1 decidido a encabezar el cambio que necesita nuestra querida Argentina\u201d<\/p>\n<p> En relaci\u00f3n a la agenda que desarrollar\u00e1 en la ciudad termal Peche adelant\u00f3 \u201cA las 9 de la ma\u00f1ana est\u00e1 previsto visitar la Municipalidad para saludar al intendente Bruno Cipolini, luego a la hora 10 mantendr\u00e1 una reuni\u00f3n con la C\u00e1mara de Comercio local, a las 11.15 ofrecer\u00e1 una conferencia de prensa en el Comit\u00e9 de la UCR y finalmente encabezar\u00e1 una reuni\u00f3n de dirigentes y militantes en el complejo La Pac\u00fa ubicado camino al aeropuerto de nuestra ciudad para luego partir hacia Resistencia\u201d<\/p>\n","protected":false},"excerpt":{"rendered":"<p>El dos veces intendente de Presidencia Roque S\u00e1enz Pe\u00f1a y presidente del Interbloque de diputados de la UCR, Carim Peche, di\u00f3 detalles de la visita que realizar\u00e1 al Chaco este jueves 17 de noviembre el presidente del Comit\u00e9 Nacional de la UCR, gobernador de la provincia de Jujuy y precandidato a presidente de la Naci\u00f3n, [&hellip;]<\/p>\n","protected":false},"author":1,"featured_media":17774,"comment_status":"closed","ping_status":"closed","sticky":false,"template":"","format":"standard","meta":{"footnotes":""},"categories":[6],"tags":[],"class_list":{"0":"post-17773","1":"post","2":"type-post","3":"status-publish","4":"format-standard","5":"has-post-thumbnail","7":"category-chaco"},"_links":{"self":[{"href":"https:\/\/chacosintesis.com.ar\/index.php\/wp-json\/wp\/v2\/posts\/17773","targetHints":{"allow":["GET"]}}],"collection":[{"href":"https:\/\/chacosintesis.com.ar\/index.php\/wp-json\/wp\/v2\/posts"}],"about":[{"href":"https:\/\/chacosintesis.com.ar\/index.php\/wp-json\/wp\/v2\/types\/post"}],"author":[{"embeddable":true,"href":"https:\/\/chacosintesis.com.ar\/index.php\/wp-json\/wp\/v2\/users\/1"}],"replies":[{"embeddable":true,"href":"https:\/\/chacosintesis.com.ar\/index.php\/wp-json\/wp\/v2\/comments?post=17773"}],"version-history":[{"count":0,"href":"https:\/\/chacosintesis.com.ar\/index.php\/wp-json\/wp\/v2\/posts\/17773\/revisions"}],"wp:featuredmedia":[{"embeddable":true,"href":"https:\/\/chacosintesis.com.ar\/index.php\/wp-json\/wp\/v2\/media\/17774"}],"wp:attachment":[{"href":"https:\/\/chacosintesis.com.ar\/index.php\/wp-json\/wp\/v2\/media?parent=17773"}],"wp:term":[{"taxonomy":"category","embeddable":true,"href":"https:\/\/chacosintesis.com.ar\/index.php\/wp-json\/wp\/v2\/categories?post=17773"},{"taxonomy":"post_tag","embeddable":true,"href":"https:\/\/chacosintesis.com.ar\/index.php\/wp-json\/wp\/v2\/tags?post=17773"}],"curies":[{"name":"wp","href":"https:\/\/api.w.org\/{rel}","templated":true}]}}