{"id":17759,"date":"2022-11-15T07:54:32","date_gmt":"2022-11-15T10:54:32","guid":{"rendered":"https:\/\/chacosintesis.com.ar\/?p=17759"},"modified":"2022-11-15T08:08:04","modified_gmt":"2022-11-15T11:08:04","slug":"el-gobierno-anuncio-fechas-de-pago-de-haberes-a-la-administracion-publica","status":"publish","type":"post","link":"https:\/\/chacosintesis.com.ar\/index.php\/el-gobierno-anuncio-fechas-de-pago-de-haberes-a-la-administracion-publica\/","title":{"rendered":"El gobierno anunci\u00f3 fechas de pago de haberes a la administraci\u00f3n p\u00fablica"},"content":{"rendered":"<p>Con aumento, los haberes de los trabajadores y trabajadoras provinciales estar\u00e1n depositados antes de fin de mes. El lunes 28 cobrar\u00e1n pasivos y el martes 29 los activos. Adem\u00e1s, el pago de refrigerio ser\u00e1 el viernes 18.<br \/>\nEl Ministerio de Planificaci\u00f3n, Econom\u00eda e Infraestructura inform\u00f3 que el pago de refrigerio para trabajadores y trabajadoras provinciales se realizar\u00e1 el viernes 18. Asimismo, el ministro Santiago P\u00e9rez Pons anticip\u00f3 el cronograma de pago de sueldos del mes de noviembre con un aumento del 5%, tal cual lo hab\u00eda anunciado el gobernador Jorge Capitanich. De esta manera, el pr\u00f3ximo lunes 28 se abonar\u00e1n los salarios de las y los jubilados y el martes 29 de las y los trabajadores activos de la administraci\u00f3n p\u00fablica.<br \/>\nEl titular de la cartera econ\u00f3mica se\u00f1al\u00f3 que hace m\u00e1s de un a\u00f1o es una pol\u00edtica de estado del gobierno provincial el hecho de que los salarios est\u00e9n depositados antes de que finalice el mes. \u201cReafirmamos nuestro compromiso de cuidar el bolsillo de las familias chaque\u00f1as y brindar previsibilidad para los trabajadores y trabajadoras provinciales. Esta medida la podemos llevar adelante gracias a que contamos con una administraci\u00f3n ordenada y eficiente de los recursos\u201d, se\u00f1al\u00f3 P\u00e9rez Pons.<br \/>\nEl aumento del 5% de noviembre est\u00e1 destinado a trabajadoras y trabajadores activos y pasivos de la administraci\u00f3n p\u00fablica. Cabe se\u00f1alar que en octubre se realiz\u00f3 un aumento del 7% y se estableci\u00f3 otro del 5% para diciembre, totalizando en los tres \u00faltimos meses del a\u00f1o un 17%. \u201cEs una importante inversi\u00f3n que realizamos para que los salarios le ganen a la inflaci\u00f3n y acompa\u00f1ar a las familias\u201d, ratific\u00f3 el ministro de Planificaci\u00f3n, Econom\u00eda e Infraestructura.<\/p>\n","protected":false},"excerpt":{"rendered":"<p>Con aumento, los haberes de los trabajadores y trabajadoras provinciales estar\u00e1n depositados antes de fin de mes. El lunes 28 cobrar\u00e1n pasivos y el martes 29 los activos. Adem\u00e1s, el pago de refrigerio ser\u00e1 el viernes 18. El Ministerio de Planificaci\u00f3n, Econom\u00eda e Infraestructura inform\u00f3 que el pago de refrigerio para trabajadores y trabajadoras provinciales [&hellip;]<\/p>\n","protected":false},"author":1,"featured_media":17760,"comment_status":"closed","ping_status":"closed","sticky":false,"template":"","format":"standard","meta":{"footnotes":""},"categories":[6],"tags":[],"class_list":{"0":"post-17759","1":"post","2":"type-post","3":"status-publish","4":"format-standard","5":"has-post-thumbnail","7":"category-chaco"},"_links":{"self":[{"href":"https:\/\/chacosintesis.com.ar\/index.php\/wp-json\/wp\/v2\/posts\/17759","targetHints":{"allow":["GET"]}}],"collection":[{"href":"https:\/\/chacosintesis.com.ar\/index.php\/wp-json\/wp\/v2\/posts"}],"about":[{"href":"https:\/\/chacosintesis.com.ar\/index.php\/wp-json\/wp\/v2\/types\/post"}],"author":[{"embeddable":true,"href":"https:\/\/chacosintesis.com.ar\/index.php\/wp-json\/wp\/v2\/users\/1"}],"replies":[{"embeddable":true,"href":"https:\/\/chacosintesis.com.ar\/index.php\/wp-json\/wp\/v2\/comments?post=17759"}],"version-history":[{"count":0,"href":"https:\/\/chacosintesis.com.ar\/index.php\/wp-json\/wp\/v2\/posts\/17759\/revisions"}],"wp:featuredmedia":[{"embeddable":true,"href":"https:\/\/chacosintesis.com.ar\/index.php\/wp-json\/wp\/v2\/media\/17760"}],"wp:attachment":[{"href":"https:\/\/chacosintesis.com.ar\/index.php\/wp-json\/wp\/v2\/media?parent=17759"}],"wp:term":[{"taxonomy":"category","embeddable":true,"href":"https:\/\/chacosintesis.com.ar\/index.php\/wp-json\/wp\/v2\/categories?post=17759"},{"taxonomy":"post_tag","embeddable":true,"href":"https:\/\/chacosintesis.com.ar\/index.php\/wp-json\/wp\/v2\/tags?post=17759"}],"curies":[{"name":"wp","href":"https:\/\/api.w.org\/{rel}","templated":true}]}}