{"id":17757,"date":"2022-11-14T10:55:38","date_gmt":"2022-11-14T13:55:38","guid":{"rendered":"https:\/\/chacosintesis.com.ar\/?p=17757"},"modified":"2022-11-14T11:07:01","modified_gmt":"2022-11-14T14:07:01","slug":"primer-juicio-por-jurados-en-saenz-pena","status":"publish","type":"post","link":"https:\/\/chacosintesis.com.ar\/index.php\/primer-juicio-por-jurados-en-saenz-pena\/","title":{"rendered":"Primer juicio por jurados en S\u00e1enz Pe\u00f1a"},"content":{"rendered":"<p>Desde el lunes 14 noviembre tendr\u00e1 lugar en Presidencia Roque S\u00e1enz Pe\u00f1a el primer juicio por jurados en la segunda circunscripci\u00f3n judicial del Chaco. Las audiencias ser\u00e1n en el auditorio de los juzgados de paz y faltas y ser\u00e1n conducidas t\u00e9cnicamente por el camarista Nelson Pelliza. Las partes que intervendr\u00e1n son: el fiscal de C\u00e1mara N\u00ba 2, Carlos Rescala, y Sergio Aguirre, en representaci\u00f3n del acusado.<br \/>\nLos jurados fueron electos durante la votaci\u00f3n realizada este mi\u00e9rcoles de manera que el lunes Pelliza leer\u00e1 las instrucciones iniciales y a partir de ese momento se suceder\u00e1n las siguientes instancias. Est\u00e1 previsto que declaren quince testigos. Para proteger la identidad de la v\u00edctima, no se difunden datos de la causa antes del inicio del juicio.<br \/>\nImplementado en agosto El Superior Tribunal de Justicia del Chaco defini\u00f3 mediante la resoluci\u00f3n 253\/22 que el sistema sea obligatorio para las causas elevadas a juicio desde el 8 de agosto en las circunscripciones judiciales que tienen como cabeceras a S\u00e1enz Pe\u00f1a, Villa \u00c1ngela y Castelli, siempre que se trate de delitos contemplados en la ley 2364-B.<br \/>\nDe esta manera, S\u00e1enz Pe\u00f1a ser\u00e1 la tercera cabecera en implementar el juicio por jurados luego de Resistencia que lo inaugur\u00f3 en noviembre de 2019 y Villa \u00c1ngela que dio el puntapi\u00e9 inicial en octubre de este a\u00f1o.<\/p>\n","protected":false},"excerpt":{"rendered":"<p>Desde el lunes 14 noviembre tendr\u00e1 lugar en Presidencia Roque S\u00e1enz Pe\u00f1a el primer juicio por jurados en la segunda circunscripci\u00f3n judicial del Chaco. Las audiencias ser\u00e1n en el auditorio de los juzgados de paz y faltas y ser\u00e1n conducidas t\u00e9cnicamente por el camarista Nelson Pelliza. Las partes que intervendr\u00e1n son: el fiscal de C\u00e1mara [&hellip;]<\/p>\n","protected":false},"author":1,"featured_media":17758,"comment_status":"closed","ping_status":"closed","sticky":false,"template":"","format":"standard","meta":{"footnotes":""},"categories":[6],"tags":[],"class_list":{"0":"post-17757","1":"post","2":"type-post","3":"status-publish","4":"format-standard","5":"has-post-thumbnail","7":"category-chaco"},"_links":{"self":[{"href":"https:\/\/chacosintesis.com.ar\/index.php\/wp-json\/wp\/v2\/posts\/17757","targetHints":{"allow":["GET"]}}],"collection":[{"href":"https:\/\/chacosintesis.com.ar\/index.php\/wp-json\/wp\/v2\/posts"}],"about":[{"href":"https:\/\/chacosintesis.com.ar\/index.php\/wp-json\/wp\/v2\/types\/post"}],"author":[{"embeddable":true,"href":"https:\/\/chacosintesis.com.ar\/index.php\/wp-json\/wp\/v2\/users\/1"}],"replies":[{"embeddable":true,"href":"https:\/\/chacosintesis.com.ar\/index.php\/wp-json\/wp\/v2\/comments?post=17757"}],"version-history":[{"count":0,"href":"https:\/\/chacosintesis.com.ar\/index.php\/wp-json\/wp\/v2\/posts\/17757\/revisions"}],"wp:featuredmedia":[{"embeddable":true,"href":"https:\/\/chacosintesis.com.ar\/index.php\/wp-json\/wp\/v2\/media\/17758"}],"wp:attachment":[{"href":"https:\/\/chacosintesis.com.ar\/index.php\/wp-json\/wp\/v2\/media?parent=17757"}],"wp:term":[{"taxonomy":"category","embeddable":true,"href":"https:\/\/chacosintesis.com.ar\/index.php\/wp-json\/wp\/v2\/categories?post=17757"},{"taxonomy":"post_tag","embeddable":true,"href":"https:\/\/chacosintesis.com.ar\/index.php\/wp-json\/wp\/v2\/tags?post=17757"}],"curies":[{"name":"wp","href":"https:\/\/api.w.org\/{rel}","templated":true}]}}