{"id":17750,"date":"2022-11-14T08:43:18","date_gmt":"2022-11-14T11:43:18","guid":{"rendered":"https:\/\/chacosintesis.com.ar\/?p=17750"},"modified":"2022-11-14T09:11:40","modified_gmt":"2022-11-14T12:11:40","slug":"esta-semana-el-proyecto-del-presupuesto-provincial-2023-llega-a-las-bancas-de-las-y-los-legisladores","status":"publish","type":"post","link":"https:\/\/chacosintesis.com.ar\/index.php\/esta-semana-el-proyecto-del-presupuesto-provincial-2023-llega-a-las-bancas-de-las-y-los-legisladores\/","title":{"rendered":"Esta semana, el proyecto del Presupuesto Provincial 2023 llega a las bancas de las y los legisladores"},"content":{"rendered":"<p>El proyecto fue debatido por distintos sectores y representantes de los tres poderes en el marco de la Comisi\u00f3n de Hacienda y Presupuesto. Una vez formalizado el ingreso, la iniciativa debe permanecer, el menos, una semana en la banca de los y las legisladoras, para luego ser tratada en el recinto.<br \/>\nTras la participaci\u00f3n de una importante delegaci\u00f3n de legisladoras y legisladores provinciales en el plenario del Parlamento del Norte Grande, al cierre de la semana pasada, la C\u00e1mara de Diputados retomar\u00e1 el pulso habitual a partir de este lunes, con el ingreso del proyecto de Presupuesto Provincial 2023 como hecho relevante durante los pr\u00f3ximos d\u00edas.<br \/>\nEl proyecto fue debatido en el \u00e1mbito de la Comisi\u00f3n de Hacienda durante algo m\u00e1s de un mes, con la participaci\u00f3n de referentes de distintos espacios sindicales e institucionales y representantes de los tres poderes del Estado. Como es habitual, cada uno plante\u00f3 sus expectativas presupuestarias, los contrast\u00f3 con el proyecto original diagramado por el Ministerio de Econom\u00eda; y luego el Poder Ejecutivo avanz\u00f3 con la redacci\u00f3n final.<br \/>\nLa semana pasada, en una reuni\u00f3n de la Comisi\u00f3n de Hacienda, la iniciativa recibi\u00f3 el respaldo de las legisladores y los legisladores oficialistas que emitieron un despacho favorable, pero los representantes de la oposici\u00f3n.<br \/>\nLa sanci\u00f3n de la \u201cLey de Leyes\u201d es uno de los objetivos centrales de cada segundo semestre del a\u00f1o parlamentario. Para que eso ocurra, ahora el proyecto deber\u00e1 permanecer, cuanto menos, siete d\u00edas en las bancas de las y los legisladores para luego ser tratada por el pleno del Cuerpo en el recinto Deolindo F. Bittel. Ese d\u00eda, deber\u00e1 contar con el aval de, cuanto menos, 17 legisladoras y legisladores, n\u00famero con los que cuenta el oficialismo, por lo que se descarta que avanzar\u00e1 r\u00e1pidamente con la sanci\u00f3n de la ley.<\/p>\n","protected":false},"excerpt":{"rendered":"<p>El proyecto fue debatido por distintos sectores y representantes de los tres poderes en el marco de la Comisi\u00f3n de Hacienda y Presupuesto. Una vez formalizado el ingreso, la iniciativa debe permanecer, el menos, una semana en la banca de los y las legisladoras, para luego ser tratada en el recinto. Tras la participaci\u00f3n de [&hellip;]<\/p>\n","protected":false},"author":1,"featured_media":17751,"comment_status":"closed","ping_status":"closed","sticky":false,"template":"","format":"standard","meta":{"footnotes":""},"categories":[6],"tags":[],"class_list":{"0":"post-17750","1":"post","2":"type-post","3":"status-publish","4":"format-standard","5":"has-post-thumbnail","7":"category-chaco"},"_links":{"self":[{"href":"https:\/\/chacosintesis.com.ar\/index.php\/wp-json\/wp\/v2\/posts\/17750","targetHints":{"allow":["GET"]}}],"collection":[{"href":"https:\/\/chacosintesis.com.ar\/index.php\/wp-json\/wp\/v2\/posts"}],"about":[{"href":"https:\/\/chacosintesis.com.ar\/index.php\/wp-json\/wp\/v2\/types\/post"}],"author":[{"embeddable":true,"href":"https:\/\/chacosintesis.com.ar\/index.php\/wp-json\/wp\/v2\/users\/1"}],"replies":[{"embeddable":true,"href":"https:\/\/chacosintesis.com.ar\/index.php\/wp-json\/wp\/v2\/comments?post=17750"}],"version-history":[{"count":0,"href":"https:\/\/chacosintesis.com.ar\/index.php\/wp-json\/wp\/v2\/posts\/17750\/revisions"}],"wp:featuredmedia":[{"embeddable":true,"href":"https:\/\/chacosintesis.com.ar\/index.php\/wp-json\/wp\/v2\/media\/17751"}],"wp:attachment":[{"href":"https:\/\/chacosintesis.com.ar\/index.php\/wp-json\/wp\/v2\/media?parent=17750"}],"wp:term":[{"taxonomy":"category","embeddable":true,"href":"https:\/\/chacosintesis.com.ar\/index.php\/wp-json\/wp\/v2\/categories?post=17750"},{"taxonomy":"post_tag","embeddable":true,"href":"https:\/\/chacosintesis.com.ar\/index.php\/wp-json\/wp\/v2\/tags?post=17750"}],"curies":[{"name":"wp","href":"https:\/\/api.w.org\/{rel}","templated":true}]}}