{"id":17744,"date":"2022-11-13T12:24:35","date_gmt":"2022-11-13T15:24:35","guid":{"rendered":"https:\/\/chacosintesis.com.ar\/?p=17744"},"modified":"2022-11-13T12:35:38","modified_gmt":"2022-11-13T15:35:38","slug":"francisco-deseo-que-la-cop27-tome-medidas-con-coraje-y-determinacion-contra-el-cambio-climatico","status":"publish","type":"post","link":"https:\/\/chacosintesis.com.ar\/index.php\/francisco-deseo-que-la-cop27-tome-medidas-con-coraje-y-determinacion-contra-el-cambio-climatico\/","title":{"rendered":"Francisco dese\u00f3 que la COP27 tome medidas &#8220;con coraje y determinaci\u00f3n&#8221; contra el cambio clim\u00e1tico"},"content":{"rendered":"<p>El papa Francisco dese\u00f3 hoy que la cumbre sobre clima COP27 que se desarrolla en Egipto tome medidas &#8220;con coraje y determinaci\u00f3n&#8221; contra el cambio clim\u00e1tico y el calentamiento global.<br \/>\n&#8220;Deseo recordar la cumbre COP27 sobre el clima que se est\u00e1 desarrollando en Egipto&#8221;, dijo Francisco sobre el encuentro, en el que se evaluar\u00e1 la marcha de compromisos de reducci\u00f3n de emisiones de gases del efecto invernadero acordadas en Francia en 2015.<br \/>\n&#8220;Deseo que se den pasos adelante con coraje y determinaci\u00f3n en el camino trazado por el Acuerdo de Par\u00eds&#8221;, agreg\u00f3 el pont\u00edfice al recitar el \u00c1ngelus en el Vaticano y en alusi\u00f3n al pacto firmado en la cumbre COP21 celebrada en la capital francesa hace siete a\u00f1os.<br \/>\nEsta semana, el secretario de Estado vaticano, Pietro Parolin, pidi\u00f3 en la COP27 que el encuentro tenga como resultado &#8220;opciones concretas y con visi\u00f3n de futuro, tomadas pensando en las generaciones m\u00e1s j\u00f3venes, antes de que sea demasiado tarde y se comprometa su futuro&#8221;, al hablar en nombre de la Santa Sede.<\/p>\n","protected":false},"excerpt":{"rendered":"<p>El papa Francisco dese\u00f3 hoy que la cumbre sobre clima COP27 que se desarrolla en Egipto tome medidas &#8220;con coraje y determinaci\u00f3n&#8221; contra el cambio clim\u00e1tico y el calentamiento global. &#8220;Deseo recordar la cumbre COP27 sobre el clima que se est\u00e1 desarrollando en Egipto&#8221;, dijo Francisco sobre el encuentro, en el que se evaluar\u00e1 la [&hellip;]<\/p>\n","protected":false},"author":1,"featured_media":17745,"comment_status":"closed","ping_status":"closed","sticky":false,"template":"","format":"standard","meta":{"footnotes":""},"categories":[6],"tags":[],"class_list":{"0":"post-17744","1":"post","2":"type-post","3":"status-publish","4":"format-standard","5":"has-post-thumbnail","7":"category-chaco"},"_links":{"self":[{"href":"https:\/\/chacosintesis.com.ar\/index.php\/wp-json\/wp\/v2\/posts\/17744","targetHints":{"allow":["GET"]}}],"collection":[{"href":"https:\/\/chacosintesis.com.ar\/index.php\/wp-json\/wp\/v2\/posts"}],"about":[{"href":"https:\/\/chacosintesis.com.ar\/index.php\/wp-json\/wp\/v2\/types\/post"}],"author":[{"embeddable":true,"href":"https:\/\/chacosintesis.com.ar\/index.php\/wp-json\/wp\/v2\/users\/1"}],"replies":[{"embeddable":true,"href":"https:\/\/chacosintesis.com.ar\/index.php\/wp-json\/wp\/v2\/comments?post=17744"}],"version-history":[{"count":0,"href":"https:\/\/chacosintesis.com.ar\/index.php\/wp-json\/wp\/v2\/posts\/17744\/revisions"}],"wp:featuredmedia":[{"embeddable":true,"href":"https:\/\/chacosintesis.com.ar\/index.php\/wp-json\/wp\/v2\/media\/17745"}],"wp:attachment":[{"href":"https:\/\/chacosintesis.com.ar\/index.php\/wp-json\/wp\/v2\/media?parent=17744"}],"wp:term":[{"taxonomy":"category","embeddable":true,"href":"https:\/\/chacosintesis.com.ar\/index.php\/wp-json\/wp\/v2\/categories?post=17744"},{"taxonomy":"post_tag","embeddable":true,"href":"https:\/\/chacosintesis.com.ar\/index.php\/wp-json\/wp\/v2\/tags?post=17744"}],"curies":[{"name":"wp","href":"https:\/\/api.w.org\/{rel}","templated":true}]}}