{"id":17742,"date":"2022-11-13T12:22:35","date_gmt":"2022-11-13T15:22:35","guid":{"rendered":"https:\/\/chacosintesis.com.ar\/?p=17742"},"modified":"2022-11-13T12:35:38","modified_gmt":"2022-11-13T15:35:38","slug":"fernandez-confirmo-el-bono-para-trabajadores-formales-y-defendio-las-paso","status":"publish","type":"post","link":"https:\/\/chacosintesis.com.ar\/index.php\/fernandez-confirmo-el-bono-para-trabajadores-formales-y-defendio-las-paso\/","title":{"rendered":"Fern\u00e1ndez confirm\u00f3 el bono para trabajadores formales y defendi\u00f3 las PASO"},"content":{"rendered":"<p>El presidente habl\u00f3 con la prensa desde la Embajada de Argentina en Francia y se refiri\u00f3 a las Primarias Abiertas, Simult\u00e1neas y Obligatorias: &#8220;Fue una gran idea para abrir los partidos pol\u00edticos&#8221;.<\/p>\n<p>El presidente Alberto Fern\u00e1ndez anunci\u00f3 este s\u00e1bado que el Gobierno lanzar\u00e1 un bono que se cobrar\u00e1 por \u00fanica vez, destinado a trabajadores formales como paliativo para combatir la inflaci\u00f3n. A\u00fan resta definir el monto y el corte que se har\u00e1 de la poblaci\u00f3n trabajadora, pero asegur\u00f3 que la medida podr\u00e1 ser percibida por el sector.<br \/>\nLo hizo en conferencia de prensa desde la Embajada de Argentina en Francia, en la que adem\u00e1s evit\u00f3 responder si ser\u00e1 candidato en las elecciones de 2023, habl\u00f3 sobre la postulaci\u00f3n de Cecilia Todesca a la titularidad del Banco Interamericano de Desarrollo (BID) y brind\u00f3 detalles de la gira que inici\u00f3 en Par\u00eds y que continuar\u00e1 en la ciudad de Bali, Indonesia, donde participar\u00e1 del G20 y tendr\u00e1 una serie de bilaterales importantes.<\/p>\n<p>De esta manera, Fern\u00e1ndez dio por terminado el debate que surgi\u00f3 al interior del Frente de Todos, impulsado por el reclamo de la vicepresidenta Cristina Fern\u00e1ndez de Kirchner, quien exige una suma fija en lugar de una asistencia \u00fanica. Un nuevo parteaguas que en lo que supo ser la f\u00f3rmula presidencial que se impuso en 2019.<br \/>\nSi bien evit\u00f3 hablar de una posible reelecci\u00f3n, asegur\u00f3 que har\u00e1 &#8220;todo lo que deba hacer&#8221; para que Juntos por el Cambio no triunfe en 2023.<br \/>\nFern\u00e1ndez defendi\u00f3 las PASO<br \/>\n&#8220;Fue una gran idea para abrir los partidos pol\u00edticos y que no se convirtieran en un lugar cerrado de los dirigentes&#8221;, afirm\u00f3.<br \/>\nEl jefe de Estado evit\u00f3 pronunciarse sobre si se postular\u00e1 a una relecci\u00f3n en los comicios de 2023, al afirmar que los planteos que mencionan la posibilidad de su candidatura &#8220;son todas especulaciones&#8221;.<br \/>\nA poco de cumplirse un a\u00f1o del acto por el D\u00eda de la Militancia que se hizo en Plaza de Mayo, donde Fern\u00e1ndez propuso una gran interna para definir los candidatos del Frente de Todos (FdT) para las elecciones de 2023, Fern\u00e1ndez se\u00f1al\u00f3 que &#8220;eso es lo que creo&#8221;.<br \/>\n&#8220;La verdad es que creo que esa idea que tuvo Cristina (Fern\u00e1ndez de Kirchner) de poner las PASO (en diciembre de 2009) fue una gran idea para abrir los partidos pol\u00edticos y que no se convirtieran en un lugar cerrado de los dirigentes&#8221;, refiri\u00f3.<br \/>\nY agreg\u00f3: &#8220;Yo valoro mucho, lo dije en aquel entonces, cuando la ley sali\u00f3, y lo vengo defendiendo desde siempre&#8221;.<br \/>\nA continuaci\u00f3n, un fragmento de la conferencia:<br \/>\n\u2014P: \u00bfPor qu\u00e9 el Gobierno opt\u00f3 por el bono para trabajadores y no por la suma fija? Algunos socios del Gobierno ven\u00edan reclamando eso, sabemos que hay una situaci\u00f3n compleja en tema inflaci\u00f3n orillando los 100 puntos, y esa diferencia entre bono y suma fija, uno es m\u00e1s eventual y el otro m\u00e1s permanente, \u00bfpor qu\u00e9 eligi\u00f3 eso?.<br \/>\n\u2014AF: B\u00e1sicamente porque en la Argentina las paritarias funcionan plenamente y hay que dejarlas funcionar. Han tenido en cuenta la realidad e interferir con una suma fija a los salarios m\u00e1s bajo genera muchos problemas en muchos lugares porque los salarios m\u00e1s bajos est\u00e1n en los municipios y en los peque\u00f1os comercios, y el riesgo que se corre es generar un problema fiscal en los municipios y en muchos peque\u00f1os comercios que, no tengo ninguna duda, lo resolver\u00edan haciendo que sus empleados salgan de la formalidad y pasarlos a la informalidad.<br \/>\nNosotros tenemos que recuperar el salario de todos, incluyendo a los de m\u00e1s bajos ingresos, y confiamos en que el m\u00e9todo de la paritaria es el adecuado. En la emergencia, llegando a fin de a\u00f1o, entendemos que hay salarios m\u00e1s postergados y a ellos vamos a tratar de ir en su auxilio con un bono.<br \/>\n\u2014P:\u00bfDe cu\u00e1nto? .<br \/>\n\u2014NA: Cuando lleguemos a Buenos Aires lo vemos.<br \/>\n\u2014P: Se va a cumplir justo un a\u00f1o del acto del D\u00eda del Militante en el que usted plante\u00f3 dirimir las candidaturas en una gran interna, todas las candidaturas, no solo la presidencial. Le quer\u00eda consultar si sigue pensando lo mismo. Si mantiene esa idea.<br \/>\nSi conf\u00eda en sus posibilidades de ser reelecto. Y a la luz de los cuestionamientos, algunos surgidos desde La C\u00e1mpora, desde el kirchnerismo, si puede eventualmente declinar su candidatura o de qu\u00e9 depende si va a ser o no candidato.<br \/>\n\u2014AF: Muy simple, lo que yo dije el 17 de noviembre es lo que creo. La verdad es que creo que esa idea que tuvo Cristina de poner las PASO fue una gran idea para abrir los partidos pol\u00edticos y que los partidos pol\u00edticos no se conviertan en un lugar cerrado de los dirigentes. Yo valoro mucho, lo dije en aquel entonces cuando la ley sali\u00f3 y lo vengo defendiendo desde siempre.<br \/>\nDespu\u00e9s el resto son todas especulaciones, falta un a\u00f1o y no sabemos qu\u00e9 va a pasar de ac\u00e1 a dentro de un a\u00f1o. Yo tengo una preocupaci\u00f3n que es que no vuelvan a ganar los mismos que pusieron a la Argentina de rodillas frente al mundo y hundieron a vastos sectores de la sociedad argentina en la pobreza y en la miseria y endeudaron a la Argentina durante generaciones. No quisiera que ellos vuelvan a gobernar la Argentina. Y para eso har\u00e9 todo lo que deba hacer para que eso ocurra. Todo lo que deba hacer.<br \/>\n \u2014P: Se hizo la presentaci\u00f3n formal de Cecilia Todesca para la presidencia del BID. Si nos puede contar el objetivo, la intenci\u00f3n. Y adem\u00e1s esto requiere una negociaci\u00f3n en t\u00e9rminos regionales porque hay un candidato de Brasil, porque hay varios candidatos. Si est\u00e1 trabajando, si hubo conversaciones y c\u00f3mo va a evolucionar en todo caso la negociaci\u00f3n por el BID.<br \/>\n\u2014AF: Nosotros fuimos muy cr\u00edticos de la actitud de Estados Unidos cuando puso a Claver-Carone de presidente del BID. Rompi\u00f3 una tradici\u00f3n de muchos a\u00f1os, desde su creaci\u00f3n, de que la presidencia del BID estaba en manos de pa\u00edses latinoamericanos. La ruptura de ese acuerdo siempre quise que viniera por una decisi\u00f3n del gobierno americano de dejar sin efecto esa propuesta y volver a llamar a elecciones para que Latinoam\u00e9rica elija un candidato.<br \/>\nPero no ocurri\u00f3. El presidente que propuso los Estados Unidos se fue por otros motivos.<br \/>\nEl BID fue creado en el a\u00f1o 59, la Argentina es uno de los principales accionistas, junto con Brasil tiene el 11% de las acciones. Somos los segundos despu\u00e9s de Estados Unidos que tiene alrededor del 30% de las acciones. Desde el a\u00f1o 59 la Argentina jam\u00e1s presidi\u00f3 el BID. Quise adem\u00e1s que sea una mujer la que pueda llegar a presidir el BID. \u00bfPor qu\u00e9 Cecilia Todesca? Porque la conozco much\u00edsimo, s\u00e9 de sus cualidades personales, s\u00e9 de su capacidad t\u00e9cnica, s\u00e9 de su inmensa honestidad, y s\u00e9 que puede ser una maravillosa presidenta del BID que no solo la va a aprovechar Argentina sino que la va a aprovechar todo el continente.<br \/>\nEstamos conversando, porque tambi\u00e9n lo que queremos no es imponer un candidato, es tratar de lograr un consenso donde todos veamos en ese candidato al mejor candidato para la regi\u00f3n.<br \/>\nNosotros creemos que en los tiempos que vive el mundo y en la historia que el BID tiene, la Argentina ha propuesto una gran candidata para presidir el BID. Que es mujer, algo que el mundo tambi\u00e9n reclama. Y que tiene una mirada regional absolutamente integradora, algo que Am\u00e9rica Latina y el Caribe necesitan.<\/p>\n<p>CADENA 3.-<\/p>\n","protected":false},"excerpt":{"rendered":"<p>El presidente habl\u00f3 con la prensa desde la Embajada de Argentina en Francia y se refiri\u00f3 a las Primarias Abiertas, Simult\u00e1neas y Obligatorias: &#8220;Fue una gran idea para abrir los partidos pol\u00edticos&#8221;. El presidente Alberto Fern\u00e1ndez anunci\u00f3 este s\u00e1bado que el Gobierno lanzar\u00e1 un bono que se cobrar\u00e1 por \u00fanica vez, destinado a trabajadores formales [&hellip;]<\/p>\n","protected":false},"author":1,"featured_media":17743,"comment_status":"closed","ping_status":"closed","sticky":false,"template":"","format":"standard","meta":{"footnotes":""},"categories":[6],"tags":[197],"class_list":{"0":"post-17742","1":"post","2":"type-post","3":"status-publish","4":"format-standard","5":"has-post-thumbnail","7":"category-chaco","8":"tag-destacada"},"_links":{"self":[{"href":"https:\/\/chacosintesis.com.ar\/index.php\/wp-json\/wp\/v2\/posts\/17742","targetHints":{"allow":["GET"]}}],"collection":[{"href":"https:\/\/chacosintesis.com.ar\/index.php\/wp-json\/wp\/v2\/posts"}],"about":[{"href":"https:\/\/chacosintesis.com.ar\/index.php\/wp-json\/wp\/v2\/types\/post"}],"author":[{"embeddable":true,"href":"https:\/\/chacosintesis.com.ar\/index.php\/wp-json\/wp\/v2\/users\/1"}],"replies":[{"embeddable":true,"href":"https:\/\/chacosintesis.com.ar\/index.php\/wp-json\/wp\/v2\/comments?post=17742"}],"version-history":[{"count":0,"href":"https:\/\/chacosintesis.com.ar\/index.php\/wp-json\/wp\/v2\/posts\/17742\/revisions"}],"wp:featuredmedia":[{"embeddable":true,"href":"https:\/\/chacosintesis.com.ar\/index.php\/wp-json\/wp\/v2\/media\/17743"}],"wp:attachment":[{"href":"https:\/\/chacosintesis.com.ar\/index.php\/wp-json\/wp\/v2\/media?parent=17742"}],"wp:term":[{"taxonomy":"category","embeddable":true,"href":"https:\/\/chacosintesis.com.ar\/index.php\/wp-json\/wp\/v2\/categories?post=17742"},{"taxonomy":"post_tag","embeddable":true,"href":"https:\/\/chacosintesis.com.ar\/index.php\/wp-json\/wp\/v2\/tags?post=17742"}],"curies":[{"name":"wp","href":"https:\/\/api.w.org\/{rel}","templated":true}]}}