{"id":17740,"date":"2022-11-12T21:53:32","date_gmt":"2022-11-13T00:53:32","guid":{"rendered":"https:\/\/chacosintesis.com.ar\/?p=17740"},"modified":"2022-11-12T22:07:35","modified_gmt":"2022-11-13T01:07:35","slug":"tragedia-en-charata-muere-un-joven-motociclista-en-siniestro-vial","status":"publish","type":"post","link":"https:\/\/chacosintesis.com.ar\/index.php\/tragedia-en-charata-muere-un-joven-motociclista-en-siniestro-vial\/","title":{"rendered":"Tragedia en Charata: muere un joven motociclista en siniestro vial"},"content":{"rendered":"<p>Ocurri\u00f3 este mediod\u00eda en el barrio Municipal, el deceso se produjo camino al hospital. El segundo part\u00edcipe contrajo lesiones graves.<br \/>\n Los efectivos de la Comisar\u00eda Segunda de Charata fueron requeridos en el barrio Municipal, donde constataron el siniestro vial entre dos motocicletas, ambos conductores se encontraban heridos. Solicitaron ambulancias para su atenci\u00f3n.<br \/>\n Uno de ellos, un joven de 20 a\u00f1os fue trasladado al Hospital de S\u00e1enz Pe\u00f1a, pero en el camino se produjo su deceso, fue identificado como Marcos Far\u00edas.<br \/>\nEl segundo part\u00edcipe, de 32 a\u00f1os fue trasladado al Hospital de Charata, y luego diagnosticado con fractura de f\u00e9mur de pierna izquierda.<br \/>\n En el lugar realizaron las pericias, se dio intervenci\u00f3n a la Fiscal\u00eda en turno y se instruyeron actuaciones por Supuesto Accidente de Tr\u00e1nsito Fatal.<\/p>\n<p>DIARIO NORTE.-<\/p>\n","protected":false},"excerpt":{"rendered":"<p>Ocurri\u00f3 este mediod\u00eda en el barrio Municipal, el deceso se produjo camino al hospital. El segundo part\u00edcipe contrajo lesiones graves. Los efectivos de la Comisar\u00eda Segunda de Charata fueron requeridos en el barrio Municipal, donde constataron el siniestro vial entre dos motocicletas, ambos conductores se encontraban heridos. Solicitaron ambulancias para su atenci\u00f3n. Uno de ellos, [&hellip;]<\/p>\n","protected":false},"author":1,"featured_media":17741,"comment_status":"closed","ping_status":"closed","sticky":false,"template":"","format":"standard","meta":{"footnotes":""},"categories":[6],"tags":[],"class_list":{"0":"post-17740","1":"post","2":"type-post","3":"status-publish","4":"format-standard","5":"has-post-thumbnail","7":"category-chaco"},"_links":{"self":[{"href":"https:\/\/chacosintesis.com.ar\/index.php\/wp-json\/wp\/v2\/posts\/17740","targetHints":{"allow":["GET"]}}],"collection":[{"href":"https:\/\/chacosintesis.com.ar\/index.php\/wp-json\/wp\/v2\/posts"}],"about":[{"href":"https:\/\/chacosintesis.com.ar\/index.php\/wp-json\/wp\/v2\/types\/post"}],"author":[{"embeddable":true,"href":"https:\/\/chacosintesis.com.ar\/index.php\/wp-json\/wp\/v2\/users\/1"}],"replies":[{"embeddable":true,"href":"https:\/\/chacosintesis.com.ar\/index.php\/wp-json\/wp\/v2\/comments?post=17740"}],"version-history":[{"count":0,"href":"https:\/\/chacosintesis.com.ar\/index.php\/wp-json\/wp\/v2\/posts\/17740\/revisions"}],"wp:featuredmedia":[{"embeddable":true,"href":"https:\/\/chacosintesis.com.ar\/index.php\/wp-json\/wp\/v2\/media\/17741"}],"wp:attachment":[{"href":"https:\/\/chacosintesis.com.ar\/index.php\/wp-json\/wp\/v2\/media?parent=17740"}],"wp:term":[{"taxonomy":"category","embeddable":true,"href":"https:\/\/chacosintesis.com.ar\/index.php\/wp-json\/wp\/v2\/categories?post=17740"},{"taxonomy":"post_tag","embeddable":true,"href":"https:\/\/chacosintesis.com.ar\/index.php\/wp-json\/wp\/v2\/tags?post=17740"}],"curies":[{"name":"wp","href":"https:\/\/api.w.org\/{rel}","templated":true}]}}