{"id":17736,"date":"2022-11-12T15:40:24","date_gmt":"2022-11-12T18:40:24","guid":{"rendered":"https:\/\/chacosintesis.com.ar\/?p=17736"},"modified":"2022-11-12T15:40:55","modified_gmt":"2022-11-12T18:40:55","slug":"caso-jaqueline-romero-la-asesinaron-hace-una-semana-y-tenia-dos-heridas-de-arma-blanca-en-el-cuello","status":"publish","type":"post","link":"https:\/\/chacosintesis.com.ar\/index.php\/caso-jaqueline-romero-la-asesinaron-hace-una-semana-y-tenia-dos-heridas-de-arma-blanca-en-el-cuello\/","title":{"rendered":"Caso Jaqueline Romero: la asesinaron hace una semana y ten\u00eda dos heridas de arma blanca en el cuello"},"content":{"rendered":"<p>Se pudo saber que los resultados de la necropsia realizada en Resistencia, se comprob\u00f3 que la joven pudo haber muerto producto de las heridas de arma blanca en el cuello, y no se descarta que tambi\u00e9n haya sido estrangulada, seg\u00fan adelant\u00f3 a NORTE una fuente confiable.<\/p>\n<p>Hasta el momento, la fiscal Liliana Lupi que investiga el asesinato de la Jaqueline Romero, hab\u00eda mencionado que seg\u00fan los informes de los m\u00e9dicos forenses de S\u00e1enz Pe\u00f1a, el cuerpo no presentaba signos de violencia. Sin embargo, se pudo saber que los resultados de la necropsia realizada en Resistencia, se comprob\u00f3 que la joven pudo haber muerto producto de las heridas de arma blanca en el cuello, y no se descarta que tambi\u00e9n haya sido estrangulada, seg\u00fan adelant\u00f3 a NORTE una fuente confiable.<\/p>\n<p>En cuanto a fecha de la muerte, la misma data de entre cinco a siete d\u00edas, al momento que extrajeron el cuerpo de la represa del barrio Sarmiento donde arrojaron a la joven envuelta en un pl\u00e1stico, seg\u00fan un testigo que pudo ver el momento en que un masculino arroj\u00f3 el paquete de grandes dimensiones. De confirmar estos resultados, se podr\u00eda afirmar que Jaqueline fue asesinada la semana pasada cuando la madre realiz\u00f3 la denuncia de la desaparici\u00f3n de la joven.<br \/>\nPODRIA CONFIRMARSE EL FEMICIDIO<br \/>\nCon el correr de las pr\u00f3ximas horas, la investigaci\u00f3n a cargo de la fiscal Lupi, podr\u00eda confirmar que el hecho fue un homicidio en el contexto de violencia de g\u00e9nero \u2013Femicidio- y el detenido y principal sospechoso Rodrigo Ch\u00e1vez, con el resultado de la autopsia, estar\u00e1 muy complicado.<br \/>\nEl cuerpo de la joven presenta en el cuello dos heridas peque\u00f1as, pero muy profundas, de arma blanca. Se estima que la hoja de arma blanca utilizada no era muy ancha. Se pudo saber que la Fiscal\u00eda 1 a cargo de la investigaci\u00f3n Liliana Lupi a\u00fan no tiene el informe oficial de la autopsia, solo recibi\u00f3 un adelanto del mismo, y que las pruebas recabadas del cuerpo de la joven podr\u00edan ser enviadas en los pr\u00f3ximos d\u00edas. En la ma\u00f1ana de hoy, familiares de Jaqueline Romero, recibieron el cuerpo de la joven para darle cristiana sepultura en el cementerio municipal de esta ciudad.<br \/>\n \u00bfDONDE ESTABA EL CUERPO?<br \/>\nEl otro interrogante que tendr\u00e1 que dilucidar la fiscal, teniendo en cuenta que la pareja de la joven, Rodrigo Ch\u00e1vez, le realizaron allanamientos en su vivienda y no se pudo encontrar nada, es donde estuvo el cuerpo de Jaqueline hasta que lo llevaron para desecharlo en la represa el pasado mi\u00e9rcoles en horas de la noche.<br \/>\n DIARIO NORTE.-<\/p>\n","protected":false},"excerpt":{"rendered":"<p>Se pudo saber que los resultados de la necropsia realizada en Resistencia, se comprob\u00f3 que la joven pudo haber muerto producto de las heridas de arma blanca en el cuello, y no se descarta que tambi\u00e9n haya sido estrangulada, seg\u00fan adelant\u00f3 a NORTE una fuente confiable. Hasta el momento, la fiscal Liliana Lupi que investiga [&hellip;]<\/p>\n","protected":false},"author":1,"featured_media":17737,"comment_status":"closed","ping_status":"closed","sticky":false,"template":"","format":"standard","meta":{"footnotes":""},"categories":[6],"tags":[197],"class_list":{"0":"post-17736","1":"post","2":"type-post","3":"status-publish","4":"format-standard","5":"has-post-thumbnail","7":"category-chaco","8":"tag-destacada"},"_links":{"self":[{"href":"https:\/\/chacosintesis.com.ar\/index.php\/wp-json\/wp\/v2\/posts\/17736","targetHints":{"allow":["GET"]}}],"collection":[{"href":"https:\/\/chacosintesis.com.ar\/index.php\/wp-json\/wp\/v2\/posts"}],"about":[{"href":"https:\/\/chacosintesis.com.ar\/index.php\/wp-json\/wp\/v2\/types\/post"}],"author":[{"embeddable":true,"href":"https:\/\/chacosintesis.com.ar\/index.php\/wp-json\/wp\/v2\/users\/1"}],"replies":[{"embeddable":true,"href":"https:\/\/chacosintesis.com.ar\/index.php\/wp-json\/wp\/v2\/comments?post=17736"}],"version-history":[{"count":0,"href":"https:\/\/chacosintesis.com.ar\/index.php\/wp-json\/wp\/v2\/posts\/17736\/revisions"}],"wp:featuredmedia":[{"embeddable":true,"href":"https:\/\/chacosintesis.com.ar\/index.php\/wp-json\/wp\/v2\/media\/17737"}],"wp:attachment":[{"href":"https:\/\/chacosintesis.com.ar\/index.php\/wp-json\/wp\/v2\/media?parent=17736"}],"wp:term":[{"taxonomy":"category","embeddable":true,"href":"https:\/\/chacosintesis.com.ar\/index.php\/wp-json\/wp\/v2\/categories?post=17736"},{"taxonomy":"post_tag","embeddable":true,"href":"https:\/\/chacosintesis.com.ar\/index.php\/wp-json\/wp\/v2\/tags?post=17736"}],"curies":[{"name":"wp","href":"https:\/\/api.w.org\/{rel}","templated":true}]}}