{"id":17732,"date":"2022-11-12T12:30:50","date_gmt":"2022-11-12T15:30:50","guid":{"rendered":"https:\/\/chacosintesis.com.ar\/?p=17732"},"modified":"2022-11-12T12:36:51","modified_gmt":"2022-11-12T15:36:51","slug":"el-complejo-turistico-agua-park-abrio-la-temporada-en-la-eduvigis","status":"publish","type":"post","link":"https:\/\/chacosintesis.com.ar\/index.php\/el-complejo-turistico-agua-park-abrio-la-temporada-en-la-eduvigis\/","title":{"rendered":"El Complejo Tur\u00edstico Agua Park abri\u00f3 la temporada en La Eduvigis"},"content":{"rendered":"<p>\u201cEste Parque Acu\u00e1tico congrega, cada fin de semana, a cerca de 1300 visitantes, lo que tiene un efecto multiplicador en las actividades de la comunidad, porque adem\u00e1s llegan aqu\u00ed visitantes de otras localidades, que disfrutan de esta infraestructura que es extraordinaria\u201d, destac\u00f3 el mandatario. Tambi\u00e9n habilit\u00f3 refacciones en la comisar\u00eda y, en Selvas del R\u00edos de Oro, pavimento urbano.<\/p>\n<p>Desde el Complejo Tur\u00edstico Aqua Park, en La Eduvigis, el gobernador Jorge Capitanich habilit\u00f3 junto a la intendenta Karina Mitoire la temporada de verano 2022-23. Adem\u00e1s, inaugur\u00f3 la refacci\u00f3n integral de la comisaria de la localidad y pavimento urbano en Selvas del R\u00edo de Oro. \u201cHoy van a poder disfrutar un espect\u00e1culo musical. Este derecho, a la cultura, es un derecho popular que debe ser garantizado. Disfruten esta nueva temporada, que implica recibir a la gente que viene, abrazarla c\u00e1lidamente y construir el derecho al futuro\u201d, se\u00f1al\u00f3.<br \/>\nEstuvieron presentes en las actividades la ministra Gloria Zalazar (Seguridad y Justicia); la secretaria de Municipios, Beatriz Bogado; el jefe de Polic\u00eda del Chaco Ariel Acu\u00f1a; el subjefe de esa fuerza Antonio Vega; Christian Ver\u00f3n, director ejecutivo del Comando y Control Policial; el jefe de la comisar\u00eda local, Pedro Gonz\u00e1lez; y el diputado nacional Aldo Leiva.<br \/>\n\u201cEste Parque Acu\u00e1tico congrega, cada fin de semana, a cerca de 1300 visitantes, lo que tiene un efecto multiplicador en las actividades de la comunidad, porque adem\u00e1s llegan aqu\u00ed visitantes de otras localidades, que disfrutan de esta infraestructura que es extraordinaria\u201d, dijo el mandatario, quien felicit\u00f3 a la comuna ya que este lugar \u201ces tambi\u00e9n es parte de la promoci\u00f3n del turismo interno y del desarrollo de las comunidades\u201d.<br \/>\nCapitanich record\u00f3 que antes del acto de inauguraci\u00f3n de la temporada desde el parque acu\u00e1tico, visit\u00f3 Selvas del R\u00edo de Oro para poner en marcha casi 7 cuadras de pavimento urbano que interconectan con la ruta provincial 34, cuyas obras est\u00e1n tambi\u00e9n en marcha para completar 12 kil\u00f3metros en el primer semestre de 2023.<\/p>\n<p>Trabajo tesonero y mancomunado<br \/>\n \u201cNada se hubiera podido hacer si no fuera por un trabajo tesonero junto a los intendentes. Todo esto forma parte de un plan provincial. Hoy recorr\u00edamos Selvas del R\u00edo de Oro y ve\u00edamos gran parte de sus calles pavimentadas, con interconexi\u00f3n, adem\u00e1s de toda la infraestructura el\u00e9ctrica rural y urbana, conectividad de internet, y el desarrollo de m\u00faltiples acciones de provisi\u00f3n de agua potable\u201d, repas\u00f3.<br \/>\nRecord\u00f3, en esa l\u00ednea, el plan provincial de pavimento urbano que llegar\u00e1, en tres mandatos constitucionales, a 14 mil cuadras, igualando as\u00ed lo hecho en toda la historia de la provincia. Adem\u00e1s, en materia de planificaci\u00f3n vial, se terminar\u00e1n cerca de 1300 kil\u00f3metros de rutas pavimentadas en toda la provincia, conectando a los 69 municipios para 2023. \u201cEs una gran inversi\u00f3n en materia de infraestructura\u201d, subray\u00f3.<br \/>\n \u201cTodas las obras se han podido ejecutar gracias a una inversi\u00f3n extraordinaria que genera efecto multiplicador. Por eso, cuando gestionamos, queremos trabajar junto a nuestros intendentes e intendentas. Porque trabajando juntos podemos hacer viviendas, escuelas, jardines, veredas, mejorar la calidad de vida de nuestras comunidades. Y cuando generamos obra p\u00fablica, trabaja el ladrillero de la comunidad, el obrero de la construcci\u00f3n o una pyme que genera salarios dignos. Todo eso hace que proliferen comercios y se mejore la actividad econ\u00f3mica\u201d, enumer\u00f3 Capitanich.<br \/>\n\u201cEn nuestras administraciones \u2013continu\u00f3- garantizamos derechos: a la identidad, a trav\u00e9s de nuevas oficinas de registros civiles y centros de documentaci\u00f3n r\u00e1pida; a la vivienda digna, con un total de 65 mil soluciones; conexiones en agua potable, que totalizar\u00e1n 360 mil en toda la provincia; energ\u00eda el\u00e9ctrica; el derecho a la cultura, al deporte, a un espacio p\u00fablico, el ambiente sano, a la educaci\u00f3n, a la seguridad y a la justicia. Eso es invertir y garantizar calidad de vida\u201d, enfatiz\u00f3.<br \/>\nFue m\u00e1s all\u00e1 y resalt\u00f3: \u201cNosotros hablamos, decimos y cada vez hacemos m\u00e1s. Y vamos a seguir haciendo m\u00e1s porque tenemos la convicci\u00f3n de que as\u00ed mejoramos la calidad de vida de nuestro pueblo\u201d.<\/p>\n<p>El parque acu\u00e1tico y las inversiones<br \/>\n En el Complejo Tur\u00edstico Aqua Park, el gobierno financi\u00f3 durante la actual gesti\u00f3n la ampliaci\u00f3n del parque acu\u00e1tico, con recursos aportados por Loter\u00eda Chaque\u00f1a ($12.000.000) y la construcci\u00f3n de una piscina con recursos del Ministerio de Planificaci\u00f3n, Econom\u00eda e Infraestructura ($11.183.531).<br \/>\nEste parque es de suma importancia, considerando la demanda de la poblaci\u00f3n que, en temporada de verano, acude a este centro y va en crecimiento con el transcurrir de los a\u00f1os; adem\u00e1s de la importancia que adquiere en el conglomerado urbano en el \u00e1rea de influencia.<\/p>\n<p>Las obras en la comisar\u00eda<br \/>\n En la refacci\u00f3n integral de la comisar\u00eda se invirtieron $40.222.001,11 con financiamiento del Ministerio de Planificaci\u00f3n, Econom\u00eda e Infraestructura<br \/>\nEste edificio est\u00e1 ubicado a la vera de la ruta provincial N\u00b0 90. Dado el tiempo transcurrido desde su construcci\u00f3n, presentaba un notable deterioro sobre todo en el estado de los techos, cielorrasos, y en las instalaciones el\u00e9ctricas, lo que dificult\u00f3 el normal desarrollo de las actividades.<br \/>\nAs\u00ed, se realizaron los trabajos en el \u00e1rea administrativa y de atenci\u00f3n; se realiz\u00f3 la renovaci\u00f3n completa del sistema el\u00e9ctrico, instalaciones sanitarias, oficinas del personal policial; acondicionamiento de celdas, ingreso diferenciado para el sector de visitas.<\/p>\n<p>Pavimento para Selvas del R\u00edo de Oro<br \/>\n Antes, el mandatario habilit\u00f3 en Selvas del R\u00edo de Oro siete cuadras de pavimento con desag\u00fces pluviales en las cuales, a trav\u00e9s de Vialidad Provincial, se invirtieron $35.747.604. La obra consisti\u00f3 en la ejecuci\u00f3n de la calzada de hormig\u00f3n en calle 2 Sur, entre el empalme con la ruta provincial N\u00b0 34 y calle 5 Oeste.<br \/>\nLa importancia de la obra radic\u00f3 en la necesidad de mejorar la accesibilidad y transitabilidad a la localidad, desde la ruta provincial N\u00ba 34, optimizando as\u00ed la calidad de vida de los ciudadanos de la regi\u00f3n, a partir del confort, limpieza y mejoras del tr\u00e1nsito que ofrece el pavimento de hormig\u00f3n.<br \/>\nJunto al pavimento, se ejecutaron desag\u00fces pluviales, eliminando las dos cunetas actualmente existentes a cada lado de las calles, y se condujeron los escurrimientos longitudinales por superficie de calzada contra los cordones externos.<br \/>\n Adem\u00e1s, Capitanich recorri\u00f3 y verific\u00f3 los avances en la construcci\u00f3n de la ruta provincial N\u00ba 34, que presenta un avance del 40%. Los trabajos consisten en la ejecuci\u00f3n de pavimento de hormig\u00f3n en el acceso a la localidad, desde el empalme de la ruta provincial N\u00ba 90 hasta la calle 2 sur. La superficie total a pavimentar alcanzar\u00e1 los 76.667 metros cuadrados.<\/p>\n","protected":false},"excerpt":{"rendered":"<p>\u201cEste Parque Acu\u00e1tico congrega, cada fin de semana, a cerca de 1300 visitantes, lo que tiene un efecto multiplicador en las actividades de la comunidad, porque adem\u00e1s llegan aqu\u00ed visitantes de otras localidades, que disfrutan de esta infraestructura que es extraordinaria\u201d, destac\u00f3 el mandatario. Tambi\u00e9n habilit\u00f3 refacciones en la comisar\u00eda y, en Selvas del R\u00edos [&hellip;]<\/p>\n","protected":false},"author":1,"featured_media":17733,"comment_status":"closed","ping_status":"closed","sticky":false,"template":"","format":"standard","meta":{"footnotes":""},"categories":[6],"tags":[],"class_list":{"0":"post-17732","1":"post","2":"type-post","3":"status-publish","4":"format-standard","5":"has-post-thumbnail","7":"category-chaco"},"_links":{"self":[{"href":"https:\/\/chacosintesis.com.ar\/index.php\/wp-json\/wp\/v2\/posts\/17732","targetHints":{"allow":["GET"]}}],"collection":[{"href":"https:\/\/chacosintesis.com.ar\/index.php\/wp-json\/wp\/v2\/posts"}],"about":[{"href":"https:\/\/chacosintesis.com.ar\/index.php\/wp-json\/wp\/v2\/types\/post"}],"author":[{"embeddable":true,"href":"https:\/\/chacosintesis.com.ar\/index.php\/wp-json\/wp\/v2\/users\/1"}],"replies":[{"embeddable":true,"href":"https:\/\/chacosintesis.com.ar\/index.php\/wp-json\/wp\/v2\/comments?post=17732"}],"version-history":[{"count":0,"href":"https:\/\/chacosintesis.com.ar\/index.php\/wp-json\/wp\/v2\/posts\/17732\/revisions"}],"wp:featuredmedia":[{"embeddable":true,"href":"https:\/\/chacosintesis.com.ar\/index.php\/wp-json\/wp\/v2\/media\/17733"}],"wp:attachment":[{"href":"https:\/\/chacosintesis.com.ar\/index.php\/wp-json\/wp\/v2\/media?parent=17732"}],"wp:term":[{"taxonomy":"category","embeddable":true,"href":"https:\/\/chacosintesis.com.ar\/index.php\/wp-json\/wp\/v2\/categories?post=17732"},{"taxonomy":"post_tag","embeddable":true,"href":"https:\/\/chacosintesis.com.ar\/index.php\/wp-json\/wp\/v2\/tags?post=17732"}],"curies":[{"name":"wp","href":"https:\/\/api.w.org\/{rel}","templated":true}]}}