{"id":17715,"date":"2022-11-10T08:55:06","date_gmt":"2022-11-10T11:55:06","guid":{"rendered":"https:\/\/chacosintesis.com.ar\/?p=17715"},"modified":"2022-11-10T09:06:58","modified_gmt":"2022-11-10T12:06:58","slug":"anunciaron-aumento-del-precio-del-pan-de-entre-el-10-y-el-15","status":"publish","type":"post","link":"https:\/\/chacosintesis.com.ar\/index.php\/anunciaron-aumento-del-precio-del-pan-de-entre-el-10-y-el-15\/","title":{"rendered":"Anunciaron aumento del precio del pan de entre el 10% y el 15%"},"content":{"rendered":"<p>El Centro de Industriales Panaderos del Chaco hizo oficial la decisi\u00f3n este mi\u00e9rcoles, como consecuencia del incremento reciente del valor de los insumos y costos. De todas maneras, la implementaci\u00f3n de los nuevos precios quedar\u00e1 a criterio de cada panader\u00eda.<\/p>\n<p>Tras una reuni\u00f3n realizada durante la ma\u00f1ana de este mi\u00e9rcoles, el Centro de Industriales Panaderos del Chaco decidi\u00f3 actualizar el precio de los productos entre un 10% y un 15% en la provincia. Las versiones en este sentido se manejaron desde el inicio de la semana, pero faltaba el encuentro de los empresarios y la ratificaci\u00f3n de la medida que se toma \u201cante el creciente incremento de precios en nuestros insumos y de los costos hijos y variables\u201d, seg\u00fan explicaron.<br \/>\nDe todas maneras desde la entidad explicaron que \u201cla decisi\u00f3n de hacerlo o no correr\u00e1 por cuenta de cada panader\u00eda, de tal manera que no pierdan rentabilidad\u201d. El precio del kilo de pan en los comercios de Resistencia oscila entre los 280 y los 380 pesos; pero el aumento de insumos como la harina, la levadura o el az\u00facar genera que haya panader\u00edas que est\u00e1n trabajando pr\u00e1cticamente sin m\u00e1rgenes de ganancias, seg\u00fan fuentes del sector.<br \/>\n\u201cSeguimos acompa\u00f1ando a nuestros socios y sosteniendo una situaci\u00f3n que cada d\u00eda es m\u00e1s preocupante, por cuanto observamos que nuestro sector d\u00eda a d\u00eda sufre los embates de la suba de los insumos, situaci\u00f3n que venimos informando puntualmente\u201d, expresaron desde el Centro de Panaderos. A la vez, consultados por la Agencia FOCO, desde la entidad aseguraron que se encuentran \u201ca la espera de la convocatoria\u201d del Gobierno para analizar un eventual acuerdo que permita sostener los precios en el corto plazo, una experiencia que ya se realiz\u00f3 con \u00e9xito en la provincia.<\/p>\n","protected":false},"excerpt":{"rendered":"<p>El Centro de Industriales Panaderos del Chaco hizo oficial la decisi\u00f3n este mi\u00e9rcoles, como consecuencia del incremento reciente del valor de los insumos y costos. De todas maneras, la implementaci\u00f3n de los nuevos precios quedar\u00e1 a criterio de cada panader\u00eda. Tras una reuni\u00f3n realizada durante la ma\u00f1ana de este mi\u00e9rcoles, el Centro de Industriales Panaderos [&hellip;]<\/p>\n","protected":false},"author":1,"featured_media":17716,"comment_status":"closed","ping_status":"closed","sticky":false,"template":"","format":"standard","meta":{"footnotes":""},"categories":[6],"tags":[],"class_list":{"0":"post-17715","1":"post","2":"type-post","3":"status-publish","4":"format-standard","5":"has-post-thumbnail","7":"category-chaco"},"_links":{"self":[{"href":"https:\/\/chacosintesis.com.ar\/index.php\/wp-json\/wp\/v2\/posts\/17715","targetHints":{"allow":["GET"]}}],"collection":[{"href":"https:\/\/chacosintesis.com.ar\/index.php\/wp-json\/wp\/v2\/posts"}],"about":[{"href":"https:\/\/chacosintesis.com.ar\/index.php\/wp-json\/wp\/v2\/types\/post"}],"author":[{"embeddable":true,"href":"https:\/\/chacosintesis.com.ar\/index.php\/wp-json\/wp\/v2\/users\/1"}],"replies":[{"embeddable":true,"href":"https:\/\/chacosintesis.com.ar\/index.php\/wp-json\/wp\/v2\/comments?post=17715"}],"version-history":[{"count":0,"href":"https:\/\/chacosintesis.com.ar\/index.php\/wp-json\/wp\/v2\/posts\/17715\/revisions"}],"wp:featuredmedia":[{"embeddable":true,"href":"https:\/\/chacosintesis.com.ar\/index.php\/wp-json\/wp\/v2\/media\/17716"}],"wp:attachment":[{"href":"https:\/\/chacosintesis.com.ar\/index.php\/wp-json\/wp\/v2\/media?parent=17715"}],"wp:term":[{"taxonomy":"category","embeddable":true,"href":"https:\/\/chacosintesis.com.ar\/index.php\/wp-json\/wp\/v2\/categories?post=17715"},{"taxonomy":"post_tag","embeddable":true,"href":"https:\/\/chacosintesis.com.ar\/index.php\/wp-json\/wp\/v2\/tags?post=17715"}],"curies":[{"name":"wp","href":"https:\/\/api.w.org\/{rel}","templated":true}]}}