{"id":17703,"date":"2022-11-09T08:54:43","date_gmt":"2022-11-09T11:54:43","guid":{"rendered":"https:\/\/chacosintesis.com.ar\/?p=17703"},"modified":"2022-11-09T09:06:53","modified_gmt":"2022-11-09T12:06:53","slug":"peche-es-un-honor-representar-al-poder-legislativo-ante-el-consejo-de-la-magistratura","status":"publish","type":"post","link":"https:\/\/chacosintesis.com.ar\/index.php\/peche-es-un-honor-representar-al-poder-legislativo-ante-el-consejo-de-la-magistratura\/","title":{"rendered":"Peche: &#8220;Es un honor representar al Poder Legislativo ante el Consejo de la Magistratura&#8221;"},"content":{"rendered":"<p>El presidente del interbloque de diputados de la UCR, Carim Peche, fue designado por unanimidad del cuerpo legislativo como miembro titular para representar a ese poder del Estado provincial ante  el Consejo de la Magistratura y Jurado de Enjuiciamiento. El juramento se llev\u00f3 a cabo en la sede del organismo y el acto estuvo encabezado por la ministra del Superior Tribunal de Justicia (STJ) y presidenta provisional del Consejo de la Magistratura, Dra. Iride Isabel Mar\u00eda Grillo.<\/p>\n<p>Luego de prestar juramento Peche agradeci\u00f3 el acompa\u00f1amiento de sus pares \u201cEs un honor y una gran responsabilidad representar al Poder Legislativo en el Consejo de la Magistratura, es el primer Consejo constituido en la Rep\u00fablica Argentina y que goza de un enorme prestigio por su calidad institucional y la  idoneidad de sus miembros a lo largo de los a\u00f1os, integrado tambi\u00e9n a  la FOFECMA, federaci\u00f3n que nuclea a todos los consejos nacionales de magistrados y magistraturas,  es una instituci\u00f3n que debe enorgullecer a todos los chaque\u00f1os\u201d.<\/p>\n","protected":false},"excerpt":{"rendered":"<p>El presidente del interbloque de diputados de la UCR, Carim Peche, fue designado por unanimidad del cuerpo legislativo como miembro titular para representar a ese poder del Estado provincial ante el Consejo de la Magistratura y Jurado de Enjuiciamiento. El juramento se llev\u00f3 a cabo en la sede del organismo y el acto estuvo encabezado [&hellip;]<\/p>\n","protected":false},"author":1,"featured_media":17704,"comment_status":"closed","ping_status":"closed","sticky":false,"template":"","format":"standard","meta":{"footnotes":""},"categories":[6],"tags":[],"class_list":{"0":"post-17703","1":"post","2":"type-post","3":"status-publish","4":"format-standard","5":"has-post-thumbnail","7":"category-chaco"},"_links":{"self":[{"href":"https:\/\/chacosintesis.com.ar\/index.php\/wp-json\/wp\/v2\/posts\/17703","targetHints":{"allow":["GET"]}}],"collection":[{"href":"https:\/\/chacosintesis.com.ar\/index.php\/wp-json\/wp\/v2\/posts"}],"about":[{"href":"https:\/\/chacosintesis.com.ar\/index.php\/wp-json\/wp\/v2\/types\/post"}],"author":[{"embeddable":true,"href":"https:\/\/chacosintesis.com.ar\/index.php\/wp-json\/wp\/v2\/users\/1"}],"replies":[{"embeddable":true,"href":"https:\/\/chacosintesis.com.ar\/index.php\/wp-json\/wp\/v2\/comments?post=17703"}],"version-history":[{"count":0,"href":"https:\/\/chacosintesis.com.ar\/index.php\/wp-json\/wp\/v2\/posts\/17703\/revisions"}],"wp:featuredmedia":[{"embeddable":true,"href":"https:\/\/chacosintesis.com.ar\/index.php\/wp-json\/wp\/v2\/media\/17704"}],"wp:attachment":[{"href":"https:\/\/chacosintesis.com.ar\/index.php\/wp-json\/wp\/v2\/media?parent=17703"}],"wp:term":[{"taxonomy":"category","embeddable":true,"href":"https:\/\/chacosintesis.com.ar\/index.php\/wp-json\/wp\/v2\/categories?post=17703"},{"taxonomy":"post_tag","embeddable":true,"href":"https:\/\/chacosintesis.com.ar\/index.php\/wp-json\/wp\/v2\/tags?post=17703"}],"curies":[{"name":"wp","href":"https:\/\/api.w.org\/{rel}","templated":true}]}}