{"id":17682,"date":"2022-11-07T21:43:29","date_gmt":"2022-11-08T00:43:29","guid":{"rendered":"https:\/\/chacosintesis.com.ar\/?p=17682"},"modified":"2022-11-07T23:36:43","modified_gmt":"2022-11-08T02:36:43","slug":"chaco-fue-sede-del-1er-encuentro-de-jovenes-pro-del-norte-grande","status":"publish","type":"post","link":"https:\/\/chacosintesis.com.ar\/index.php\/chaco-fue-sede-del-1er-encuentro-de-jovenes-pro-del-norte-grande\/","title":{"rendered":"Chaco fue sede del 1er Encuentro de J\u00f3venes PRO del Norte Grande"},"content":{"rendered":"<p>Durante el pasado fin de semana, el equipo de J\u00f3venes PRO Chaco, liderado por Everest Jovanovich, recibi\u00f3 a militantes del PRO de Catamarca, Corrientes, Formosa, Jujuy, Misiones, Salta, Santiago del Estero, y Tucum\u00e1n, a fin de trabajar, prepararse y formarse de cara a un a\u00f1o electoral, para buscar soluciones a las principales problem\u00e1ticas que afectan a los j\u00f3venes de la regi\u00f3n.<br \/>\n En el marco de una agenda federal de J\u00f3venes PRO Nacional, las provincias del Norte Grande se hicieron presentes en Resistencia. Las principales actividades pusieron foco en la formaci\u00f3n y capacitaci\u00f3n de los j\u00f3venes en 3 ejes principales: Educaci\u00f3n, empleo y vivienda. Estas tem\u00e1ticas rigieron todos los debates y conversatorios durante las dos jornadas que dur\u00f3 el Encuentro. Con la participaci\u00f3n de autoridades nacionales de J\u00f3venes PRO, las mesas de debate estuvieron destinadas a dar a conocer, compartir y debatir sobre problem\u00e1ticas que afectan a los j\u00f3venes del Norte Grande, en cada uno de los 3 ejes mencionados. Por otro lado, con la participaci\u00f3n y auspicio de la Fundaci\u00f3n Konrad Adenauer Argentina, los j\u00f3venes compartieron capacitaciones en torno al proyecto de desarrollo de una p\u00e1gina web con informaci\u00f3n, datos y an\u00e1lisis de proyectos de ley presentados en los distintos estamentos legislativos argentinos. Adem\u00e1s, pudieron establecer v\u00ednculos y acceder a otras herramientas web de suma utilidad para el trabajo que cada uno de los j\u00f3venes desarrolla en su provincia.<br \/>\n Dando inicio a las mesas de debate y paneles expositivos de cada tema, el presidente de J\u00f3venes PRO Salta, Josu\u00e9 Contino, coment\u00f3 la actividad \u201cestamos tratando paneles de educaci\u00f3n, de empleo joven, de vivienda, estamos armando equipos de debate. Estamos hablando con dirigentes locales, y apoyando a nuestros futuros dirigentes j\u00f3venes.\u201d<br \/>\n Respecto a la educaci\u00f3n, los j\u00f3venes remarcaron las falencias en el sistema educativo para contener a los estudiantes, \u201cel 54% solamente de los j\u00f3venes termina el secundario, y hemos visto que, de los pocos que terminan el secundario, un 40% no puede comprender textos ni matem\u00e1tica b\u00e1sica\u201d se\u00f1al\u00f3 Pedro Roulet, presidente de J\u00f3venes PRO Argentina. Siguiendo sobre esta tem\u00e1tica, la Secretaria General de J\u00f3venes PRO Tucum\u00e1n, Victoria Guerrero, coment\u00f3 que \u201cse arm\u00f3 un debate destacando la falta de infraestructura, la falta de inter\u00e9s por parte del gobierno, la falta de actualizaci\u00f3n de los planes de estudio, la falta de control de los fondos destinados a cada provincia en educaci\u00f3n\u201d. En ese sentido, el salte\u00f1o Lucca Ocampo, Secretario Nacional de Secundarios, pidi\u00f3 \u201cque se comience a invertir en educaci\u00f3n, porque invertir en educaci\u00f3n es invertir en el futuro de la Argentina, invertir en los j\u00f3venes, con mayor infraestructura, mayor conectividad, con accesibilidad, para que ning\u00fan estudiante secundario quede fuera del sistema educativo.\u201d<br \/>\n En el eje de empleo, la oleada de j\u00f3venes que dejan el pa\u00eds se hizo sentir, y la tristeza e indignaci\u00f3n que esto produce se refleja en las palabras de los j\u00f3venes. \u201cLa Argentina est\u00e1 llena de j\u00f3venes que est\u00e1n siendo expulsados, que se van a vivir a cualquier otro lugar del mundo, a probar suerte. Tenemos ingenieros que terminan lavando platos en el otro extremo del planeta, para ganar el doble o el triple de lo que ganar\u00edan ac\u00e1 como ingenieros\u201d expres\u00f3 Everest Jovanovich, presidente de J\u00f3venes PRO Chaco. En la misma l\u00ednea, Brunella Marchionna, presidente de J\u00f3venes PRO Santiago del Estero, concluy\u00f3 como objetivo general \u201cQueremos una regi\u00f3n que le de las oportunidades a los j\u00f3venes para quedarse y crecer en Argentina.\u201d Adem\u00e1s, surgieron inevitablemente las vinculaciones de la falta de empleo j\u00f3ven con la problem\u00e1tica de acceso a la vivienda propia, \u201cy la vivienda, la falta de oportunidades, si no tenemos educaci\u00f3n, no tenemos trabajo, la conclusi\u00f3n est\u00e1 a la vista: no podemos acceder de ninguna manera a la vivienda los j\u00f3venes, si no podemos independizarnos econ\u00f3micamente por la falta de oportunidades en nuestra provincia\u201d asegur\u00f3 Alexis Miklich de J\u00f3venes PRO Catamarca. Otros problemas que acarrea el no acceso a la vivienda, es la dificultad para estudiar sin un lugar para vivir, como mencion\u00f3 Roque Gauna, presidente de J\u00f3venes PRO Corrientes \u201cmuchos j\u00f3venes hoy no pueden acceder a la casa propia, ni para poder alquilar. Otro de los ejes que tocamos tambi\u00e9n es la educaci\u00f3n, donde muchos j\u00f3venes por no tener este acceso, al alquiler o a vivienda, est\u00e1n no pudiendo ir a capitales, o en su propio lugar, a poder seguir capacit\u00e1ndose y estudiando.\u201d<br \/>\n Los j\u00f3venes PRO del Norte grande llegaron a conclusiones en cada tem\u00e1tica, que ser\u00e1 su gu\u00eda de trabajo de cara al 2023. \u201cEs muy importante en cuanto a la educaci\u00f3n buscar la forma, desde ah\u00ed, de incluir a los j\u00f3venes al mercado laboral, aumentar la oferta educativa, y hacer posible que seamos la generaci\u00f3n que tenga vivienda propia.\u201d se\u00f1al\u00f3 Martin Riveros, presidente de J\u00f3venes PRO Formosa. El misionero Gustavo Velazquez, presidente de J\u00f3venes PRO en su provincia, declar\u00f3 \u201cQueremos dar la pelea para construir la provincia y el pa\u00eds que queremos, trabajando en iniciativas en lo que tenga que ver con empleo, el acceso a la vivienda, y la educaci\u00f3n de los j\u00f3venes argentinos, para que tengamos un mejor presente y un futuro prometedor.\u201d Teniendo en cuenta el lema que rige los encuentros regionales, \u201cRepresentAR\u201d, los mismos tambi\u00e9n llevan la consigna de involucrarse, de invitar a los j\u00f3venes a sumarse a las iniciativas que lleva a cabo el PRO en todo el pa\u00eds. En esta l\u00ednea, Melina Arroyo, presidente de J\u00f3venes PRO Jujuy, invit\u00f3 a j\u00f3venes de todo el pa\u00eds a involucrarse en pol\u00edtica \u201cInvitamos a todos los j\u00f3venes que se quieran sumar a esta movida, que se involucren, y militen por su futuro.\u201d<br \/>\nEn el cierre de las jornadas del 1er Encuentro de J\u00f3venes PRO del Norte Grande, las militantes del PRO Chaco, Carla Lezcano, Claudia Bernardis, y la diputada nacional, Marilu Quiroz, brindaron palabras de apoyo y reconocimiento al trabajo que realizan los j\u00f3venes en cada provincia. Marilu Quiroz destac\u00f3 la importancia de que los j\u00f3venes puedan trabajar, vivir y desarrollarse en su tierra, celebrando que \u00e9stos sean los objetivos que gu\u00edan a los J\u00f3venes PRO de la regi\u00f3n.<\/p>\n","protected":false},"excerpt":{"rendered":"<p>Durante el pasado fin de semana, el equipo de J\u00f3venes PRO Chaco, liderado por Everest Jovanovich, recibi\u00f3 a militantes del PRO de Catamarca, Corrientes, Formosa, Jujuy, Misiones, Salta, Santiago del Estero, y Tucum\u00e1n, a fin de trabajar, prepararse y formarse de cara a un a\u00f1o electoral, para buscar soluciones a las principales problem\u00e1ticas que afectan [&hellip;]<\/p>\n","protected":false},"author":1,"featured_media":17683,"comment_status":"closed","ping_status":"closed","sticky":false,"template":"","format":"standard","meta":{"footnotes":""},"categories":[6],"tags":[],"class_list":{"0":"post-17682","1":"post","2":"type-post","3":"status-publish","4":"format-standard","5":"has-post-thumbnail","7":"category-chaco"},"_links":{"self":[{"href":"https:\/\/chacosintesis.com.ar\/index.php\/wp-json\/wp\/v2\/posts\/17682","targetHints":{"allow":["GET"]}}],"collection":[{"href":"https:\/\/chacosintesis.com.ar\/index.php\/wp-json\/wp\/v2\/posts"}],"about":[{"href":"https:\/\/chacosintesis.com.ar\/index.php\/wp-json\/wp\/v2\/types\/post"}],"author":[{"embeddable":true,"href":"https:\/\/chacosintesis.com.ar\/index.php\/wp-json\/wp\/v2\/users\/1"}],"replies":[{"embeddable":true,"href":"https:\/\/chacosintesis.com.ar\/index.php\/wp-json\/wp\/v2\/comments?post=17682"}],"version-history":[{"count":0,"href":"https:\/\/chacosintesis.com.ar\/index.php\/wp-json\/wp\/v2\/posts\/17682\/revisions"}],"wp:featuredmedia":[{"embeddable":true,"href":"https:\/\/chacosintesis.com.ar\/index.php\/wp-json\/wp\/v2\/media\/17683"}],"wp:attachment":[{"href":"https:\/\/chacosintesis.com.ar\/index.php\/wp-json\/wp\/v2\/media?parent=17682"}],"wp:term":[{"taxonomy":"category","embeddable":true,"href":"https:\/\/chacosintesis.com.ar\/index.php\/wp-json\/wp\/v2\/categories?post=17682"},{"taxonomy":"post_tag","embeddable":true,"href":"https:\/\/chacosintesis.com.ar\/index.php\/wp-json\/wp\/v2\/tags?post=17682"}],"curies":[{"name":"wp","href":"https:\/\/api.w.org\/{rel}","templated":true}]}}