{"id":17674,"date":"2022-11-04T13:09:55","date_gmt":"2022-11-04T16:09:55","guid":{"rendered":"https:\/\/chacosintesis.com.ar\/?p=17674"},"modified":"2022-11-04T13:37:19","modified_gmt":"2022-11-04T16:37:19","slug":"duro-pedido-de-condena-para-omar-judis-y-su-hijo-doce-y-nueve-anos-de-prision","status":"publish","type":"post","link":"https:\/\/chacosintesis.com.ar\/index.php\/duro-pedido-de-condena-para-omar-judis-y-su-hijo-doce-y-nueve-anos-de-prision\/","title":{"rendered":"Duro pedido de condena para Omar Judis y su hijo: doce y nueve a\u00f1os de prisi\u00f3n"},"content":{"rendered":"<p>La fiscal\u00eda efectu\u00f3 su solicitud de pena en el juicio que llega a su parte culminante en el Tribunal Oral Federal de Resistencia. Es por hechos de corrupci\u00f3n denunciados en la Uncaus a\u00f1os atr\u00e1s.<br \/>\nEl fiscal federal general Federico Carniel efectu\u00f3 su pedido de penas en el juicio que se lleva adelante por hechos de corrupci\u00f3n denunciados y que se habr\u00edan cometido con recursos p\u00fablicos nacionales cuando Omar Judis era el rector de la Universidad Nacional del Chaco Austral (Uncaus).<br \/>\nComo conclusi\u00f3n de su alegato acusatorio, el fiscal solicit\u00f3 a los jueces que Judis sea condenado a doce a\u00f1os de prisi\u00f3n, en tanto que pidi\u00f3 nueve a\u00f1os para Enzo Judis, hijo del ex rector y ex ministro de Infraestructura del Chaco.<br \/>\nLa causa penal se inici\u00f3 a partir de una denuncia de la exdiputada radical Marilin Canata, y el proceso, tras varios a\u00f1os de desarrollo, lleg\u00f3 a su tramo final. Las acusaciones de la fiscal\u00eda incluye figuras como violaci\u00f3n de los deberes de funcionario p\u00fablico, negociaciones incompatibles, peculado y cohecho, entre otras, con perjuicios millonarios al Estado.<br \/>\nDiarioNorte.-<\/p>\n","protected":false},"excerpt":{"rendered":"<p>La fiscal\u00eda efectu\u00f3 su solicitud de pena en el juicio que llega a su parte culminante en el Tribunal Oral Federal de Resistencia. Es por hechos de corrupci\u00f3n denunciados en la Uncaus a\u00f1os atr\u00e1s. El fiscal federal general Federico Carniel efectu\u00f3 su pedido de penas en el juicio que se lleva adelante por hechos de [&hellip;]<\/p>\n","protected":false},"author":1,"featured_media":17675,"comment_status":"closed","ping_status":"closed","sticky":false,"template":"","format":"standard","meta":{"footnotes":""},"categories":[6],"tags":[197],"class_list":{"0":"post-17674","1":"post","2":"type-post","3":"status-publish","4":"format-standard","5":"has-post-thumbnail","7":"category-chaco","8":"tag-destacada"},"_links":{"self":[{"href":"https:\/\/chacosintesis.com.ar\/index.php\/wp-json\/wp\/v2\/posts\/17674","targetHints":{"allow":["GET"]}}],"collection":[{"href":"https:\/\/chacosintesis.com.ar\/index.php\/wp-json\/wp\/v2\/posts"}],"about":[{"href":"https:\/\/chacosintesis.com.ar\/index.php\/wp-json\/wp\/v2\/types\/post"}],"author":[{"embeddable":true,"href":"https:\/\/chacosintesis.com.ar\/index.php\/wp-json\/wp\/v2\/users\/1"}],"replies":[{"embeddable":true,"href":"https:\/\/chacosintesis.com.ar\/index.php\/wp-json\/wp\/v2\/comments?post=17674"}],"version-history":[{"count":0,"href":"https:\/\/chacosintesis.com.ar\/index.php\/wp-json\/wp\/v2\/posts\/17674\/revisions"}],"wp:featuredmedia":[{"embeddable":true,"href":"https:\/\/chacosintesis.com.ar\/index.php\/wp-json\/wp\/v2\/media\/17675"}],"wp:attachment":[{"href":"https:\/\/chacosintesis.com.ar\/index.php\/wp-json\/wp\/v2\/media?parent=17674"}],"wp:term":[{"taxonomy":"category","embeddable":true,"href":"https:\/\/chacosintesis.com.ar\/index.php\/wp-json\/wp\/v2\/categories?post=17674"},{"taxonomy":"post_tag","embeddable":true,"href":"https:\/\/chacosintesis.com.ar\/index.php\/wp-json\/wp\/v2\/tags?post=17674"}],"curies":[{"name":"wp","href":"https:\/\/api.w.org\/{rel}","templated":true}]}}