{"id":17658,"date":"2022-11-03T08:02:39","date_gmt":"2022-11-03T11:02:39","guid":{"rendered":"https:\/\/chacosintesis.com.ar\/?p=17658"},"modified":"2022-11-03T08:07:55","modified_gmt":"2022-11-03T11:07:55","slug":"la-deteccion-de-dos-yaguaretes-silvestres-habla-de-la-buena-salud-del-ecosistema-y-de-la-fuerte-apuesta-del-chaco","status":"publish","type":"post","link":"https:\/\/chacosintesis.com.ar\/index.php\/la-deteccion-de-dos-yaguaretes-silvestres-habla-de-la-buena-salud-del-ecosistema-y-de-la-fuerte-apuesta-del-chaco\/","title":{"rendered":"&#8220;La detecci\u00f3n de dos yaguaret\u00e9s silvestres habla de la buena salud del ecosistema y de la fuerte apuesta del Chaco&#8221;"},"content":{"rendered":"<p>El funcionario nacional celebr\u00f3 la novedad que lleg\u00f3 desde el Parque Nacional El Impenetrable y destac\u00f3 que &#8220;el Chaco apuesta muy fuerte&#8221; a las pol\u00edticas vinculadas con la conservaci\u00f3n de la biodiversidad. &#8220;Los gobernadores del Norte Grande entienden que el desarrollo que hace falta en el pa\u00eds tiene que ser con la variable ambiental incluida, para que sea sostenible&#8221;, advirti\u00f3.<\/p>\n<p>Tras la confirmaci\u00f3n de la presencia de otros dos ejemplares en El Impenetrable chaque\u00f1o, logros que se concretan en el marco del Plan Nacional de Conservaci\u00f3n del Yaguaret\u00e9, el titular de Administraci\u00f3n de Parques Nacionales (APN), Federico Granato, destac\u00f3 que se trata de uno detectado a trav\u00e9s de c\u00e1maras trampa dentro del espacio protegido y el restante fuera del predio; pero en ambos casos se trata de animales silvestres, lo que habla de la &#8220;buena salud del ecosistema&#8221;.<br \/>\nEstos dos ejemplares, sumados a los cachorros nacidos en cuativerio en los dos \u00faltimos a\u00f1os, permiten inferir que el Chaco cuenta con siete yaguaret\u00e9s de los 20 que se creen existentes en esta parte de Sudam\u00e9rica. El funcionario nacional remarc\u00f3 que la provincia es una de las que &#8220;apuesta muy fuerte&#8221; por sus Parques Nacionales y de all\u00ed la creaci\u00f3n de El Impenetrable y Laguna El Palmar, que espera la aprobaci\u00f3n en el Congreso; adem\u00e1s de un fuerte trabajo conjunto con las \u00e1reas de Ambiente y Turismo.<br \/>\n\u201cDesde la Administraci\u00f3n de Parques Nacional impulsamos un fuerte fortalecimiento presupuestarios que permiti\u00f3 que, este a\u00f1o, podamos triplicar los recursos aplicados y eso se traduce en mayor equipamiento, mayores veh\u00edculos y herramientas para poder llevar a cabo pol\u00edticas de de conservaci\u00f3n y preservaci\u00f3n&#8221;, explic\u00f3 en declaraciones a Radio Provincia.<br \/>\nEn ese contexto, indic\u00f3 que &#8220;la intenci\u00f3n es genera herramientas para que la gente pueda ver un beneficio en su situaci\u00f3n personal, a partir de esa de esa conservaci\u00f3n, no s\u00f3lo Granato apunt\u00f3 que siempre es una &#8220;buena noticia&#8221; que el Norte Grande, siendo la regi\u00f3n &#8220;hist\u00f3rica y injustamente&#8221;  m\u00e1s postergada del pa\u00eds; tenga hoy una comuni\u00f3n entre todos los gobernadores porque eso permite &#8220;impulsar con fuerza los proyectos&#8221;.<br \/>\n&#8220;En el caso de Parques Nacionales, hist\u00f3ricamente la relaci\u00f3n viene m\u00e1s ligada a la Patagonia pero en este \u00faltimo tiempo se vienen trabajando fuerte en ampliar el sistema de \u00e1reas protegidas en toda la regi\u00f3n centro y norte del pa\u00eds, encontramos muy buena predisposici\u00f3n de los gobernadores que entienden que el desarrollo que hace falta en el pa\u00eds tiene que ser con la variable ambiental incluida, para que sea sostenible&#8221;, advirti\u00f3.<\/p>\n","protected":false},"excerpt":{"rendered":"<p>El funcionario nacional celebr\u00f3 la novedad que lleg\u00f3 desde el Parque Nacional El Impenetrable y destac\u00f3 que &#8220;el Chaco apuesta muy fuerte&#8221; a las pol\u00edticas vinculadas con la conservaci\u00f3n de la biodiversidad. &#8220;Los gobernadores del Norte Grande entienden que el desarrollo que hace falta en el pa\u00eds tiene que ser con la variable ambiental incluida, [&hellip;]<\/p>\n","protected":false},"author":1,"featured_media":17659,"comment_status":"closed","ping_status":"closed","sticky":false,"template":"","format":"standard","meta":{"footnotes":""},"categories":[6],"tags":[],"class_list":{"0":"post-17658","1":"post","2":"type-post","3":"status-publish","4":"format-standard","5":"has-post-thumbnail","7":"category-chaco"},"_links":{"self":[{"href":"https:\/\/chacosintesis.com.ar\/index.php\/wp-json\/wp\/v2\/posts\/17658","targetHints":{"allow":["GET"]}}],"collection":[{"href":"https:\/\/chacosintesis.com.ar\/index.php\/wp-json\/wp\/v2\/posts"}],"about":[{"href":"https:\/\/chacosintesis.com.ar\/index.php\/wp-json\/wp\/v2\/types\/post"}],"author":[{"embeddable":true,"href":"https:\/\/chacosintesis.com.ar\/index.php\/wp-json\/wp\/v2\/users\/1"}],"replies":[{"embeddable":true,"href":"https:\/\/chacosintesis.com.ar\/index.php\/wp-json\/wp\/v2\/comments?post=17658"}],"version-history":[{"count":0,"href":"https:\/\/chacosintesis.com.ar\/index.php\/wp-json\/wp\/v2\/posts\/17658\/revisions"}],"wp:featuredmedia":[{"embeddable":true,"href":"https:\/\/chacosintesis.com.ar\/index.php\/wp-json\/wp\/v2\/media\/17659"}],"wp:attachment":[{"href":"https:\/\/chacosintesis.com.ar\/index.php\/wp-json\/wp\/v2\/media?parent=17658"}],"wp:term":[{"taxonomy":"category","embeddable":true,"href":"https:\/\/chacosintesis.com.ar\/index.php\/wp-json\/wp\/v2\/categories?post=17658"},{"taxonomy":"post_tag","embeddable":true,"href":"https:\/\/chacosintesis.com.ar\/index.php\/wp-json\/wp\/v2\/tags?post=17658"}],"curies":[{"name":"wp","href":"https:\/\/api.w.org\/{rel}","templated":true}]}}