{"id":17656,"date":"2022-11-03T07:59:50","date_gmt":"2022-11-03T10:59:50","guid":{"rendered":"https:\/\/chacosintesis.com.ar\/?p=17656"},"modified":"2022-11-03T08:07:54","modified_gmt":"2022-11-03T11:07:54","slug":"tragedia-en-plaza-nina-y-su-padre-mueren-en-incendio-de-vivienda-rural","status":"publish","type":"post","link":"https:\/\/chacosintesis.com.ar\/index.php\/tragedia-en-plaza-nina-y-su-padre-mueren-en-incendio-de-vivienda-rural\/","title":{"rendered":"Tragedia en Plaza: ni\u00f1a y su padre mueren en incendio de vivienda rural"},"content":{"rendered":"<p>Ocurri\u00f3 el lunes en el lote 5 de villa rural. La peque\u00f1a falleci\u00f3 el mismo d\u00eda mientras que el hombre ayer. La madre est\u00e1 internada grave en el Perrando.<\/p>\n<p>Una enorme tragedia enlut\u00f3 el lunes a la comunidad del Lote 5 de Villa Rural el Palmar, en cercan\u00edas de Presidencia Plaza, donde un accidente dom\u00e9stico ocasion\u00f3 el incendio de una vivienda, falleciendo una ni\u00f1a y su padre. A media ma\u00f1ana del lunes se declar\u00f3 el siniestro que azot\u00f3 la vivienda de esta familia.<\/p>\n<p>Un accidente en la cocina habr\u00eda sido lo que provoc\u00f3 el inicio de las llamas y quem\u00f3 a una pareja y a una ni\u00f1a de ocho a\u00f1os. Todos fueron llevados de urgencia a Resistencia, los mayores al Hospital Perrando y la menor al Pedi\u00e1trico. Pero primero la ni\u00f1a y luego el hombre, de 47 a\u00f1os, fallecieron.<br \/>\nCerca de las de 10:30, agentes de la Divisi\u00f3n Bomberos de Presidencia de la Plaza fueron a sofocar las llamas. A las 11:20, lleg\u00f3 el informe m\u00e9dico que diagnostic\u00f3 \u2018gran quemado y estado cr\u00edtico\u2018 para ambos y comunic\u00f3 que los dos quedaron internados en terapia intensiva.<br \/>\nPoco despu\u00e9s llegar\u00eda otro informe m\u00e9dico sumamente triste: la peque\u00f1a de 8 a\u00f1os muri\u00f3 en la sala de Terapia Intensiva del Hospital Pedi\u00e1trico \u2018Doctor Avelino Castel\u00e1n\u2018 a las 14:30. Ella tambi\u00e9n, v\u00edctima del incendio. Ayer, en tanto, el padre, falleci\u00f3 en el hospital a las 14:15<br \/>\n DIARIO NORTE.-<\/p>\n","protected":false},"excerpt":{"rendered":"<p>Ocurri\u00f3 el lunes en el lote 5 de villa rural. La peque\u00f1a falleci\u00f3 el mismo d\u00eda mientras que el hombre ayer. La madre est\u00e1 internada grave en el Perrando. Una enorme tragedia enlut\u00f3 el lunes a la comunidad del Lote 5 de Villa Rural el Palmar, en cercan\u00edas de Presidencia Plaza, donde un accidente dom\u00e9stico [&hellip;]<\/p>\n","protected":false},"author":1,"featured_media":17657,"comment_status":"closed","ping_status":"closed","sticky":false,"template":"","format":"standard","meta":{"footnotes":""},"categories":[6],"tags":[],"class_list":{"0":"post-17656","1":"post","2":"type-post","3":"status-publish","4":"format-standard","5":"has-post-thumbnail","7":"category-chaco"},"_links":{"self":[{"href":"https:\/\/chacosintesis.com.ar\/index.php\/wp-json\/wp\/v2\/posts\/17656","targetHints":{"allow":["GET"]}}],"collection":[{"href":"https:\/\/chacosintesis.com.ar\/index.php\/wp-json\/wp\/v2\/posts"}],"about":[{"href":"https:\/\/chacosintesis.com.ar\/index.php\/wp-json\/wp\/v2\/types\/post"}],"author":[{"embeddable":true,"href":"https:\/\/chacosintesis.com.ar\/index.php\/wp-json\/wp\/v2\/users\/1"}],"replies":[{"embeddable":true,"href":"https:\/\/chacosintesis.com.ar\/index.php\/wp-json\/wp\/v2\/comments?post=17656"}],"version-history":[{"count":0,"href":"https:\/\/chacosintesis.com.ar\/index.php\/wp-json\/wp\/v2\/posts\/17656\/revisions"}],"wp:featuredmedia":[{"embeddable":true,"href":"https:\/\/chacosintesis.com.ar\/index.php\/wp-json\/wp\/v2\/media\/17657"}],"wp:attachment":[{"href":"https:\/\/chacosintesis.com.ar\/index.php\/wp-json\/wp\/v2\/media?parent=17656"}],"wp:term":[{"taxonomy":"category","embeddable":true,"href":"https:\/\/chacosintesis.com.ar\/index.php\/wp-json\/wp\/v2\/categories?post=17656"},{"taxonomy":"post_tag","embeddable":true,"href":"https:\/\/chacosintesis.com.ar\/index.php\/wp-json\/wp\/v2\/tags?post=17656"}],"curies":[{"name":"wp","href":"https:\/\/api.w.org\/{rel}","templated":true}]}}