{"id":17654,"date":"2022-11-03T07:57:48","date_gmt":"2022-11-03T10:57:48","guid":{"rendered":"https:\/\/chacosintesis.com.ar\/?p=17654"},"modified":"2022-11-03T08:07:54","modified_gmt":"2022-11-03T11:07:54","slug":"capitanich-no-es-posible-concebir-un-orden-juridico-justo-con-injusticia-social","status":"publish","type":"post","link":"https:\/\/chacosintesis.com.ar\/index.php\/capitanich-no-es-posible-concebir-un-orden-juridico-justo-con-injusticia-social\/","title":{"rendered":"Capitanich: \u201cNo es posible concebir un orden jur\u00eddico justo con injusticia social\u201d"},"content":{"rendered":"<p>En la Casa de las Culturas, el gobernador agradeci\u00f3 a la entidad continental por elegir al Chaco como sede de estas jornadas donde importantes personalidades reflexionar\u00e1n sobre la responsabilidad de los juristas en la defensa de la democracia, la realizaci\u00f3n de los derechos humanos y el ambiente. La primera conferencia magistral ser\u00e1 del juez Ra\u00fal Zaffaroni.<\/p>\n<p>El gobernador Jorge Capitanich particip\u00f3 del acto de apertura de la d\u00e9cimo octava Conferencia Continental de la Asociaci\u00f3n Americana de Juristas, en la Casa de las Culturas. Estuvo acompa\u00f1ado por Vanessa Ramos, presidenta de la Asociaci\u00f3n Americana de Juristas, Claudia Rocca, titular de la Rama Argentina de esa entidad y Laura Tissembaum, presidenta del Comit\u00e9 Organizador.<br \/>\n&#8220;Los que somos capaces de defender los intereses del pa\u00eds y fuimos capaces de luchar contra los intereses de los fondos buitres que quer\u00edan expoliar nuestras riquezas, fuimos perseguidos judicialmente y sometidos al escarnio p\u00fablico a trav\u00e9s de las operaciones que financian esos mismos fondos buitre\u201d, resalt\u00f3. Y marc\u00f3: \u201cEs hora de que no exista indiferencia del sistema pol\u00edtico\u201d, ante este tipo de hecho, \u201cporque cuando existe indiferencia tambi\u00e9n hay complicidad\u201d.<br \/>\nEstuvieron presentes en el acto de apertura la vicegobernadora Anal\u00eda Rach Quiroga, la ministra de Seguridad y Justicia, Gloria Zalazar, la presidenta del Poder Judicial del Chaco, Emilia Valle; el ex presidente de Ecuador Rafael Correa, el juez Ra\u00fal Zaffaroni, y Atilio Bor\u00f3n, soci\u00f3logo, polit\u00f3logo y catedr\u00e1tico argentino; legisladores y legisladoras provinciales y nacionales. Esta Conferencia Continental se desarrolla bajo la consigna \u201cResponsabilidad de los juristas en la defensa de la democracia, la realizaci\u00f3n de los derechos humanos y el ambiente\u201d, entre este mi\u00e9rcoles 2 y el viernes 4 de noviembre. Tras la apertura, desde las 19.30 se desarrollar\u00e1 la conferencia magistral de Eugenio Ra\u00fal Zaffaroni.<br \/>\n El mandatario dio la bienvenida y agradeci\u00f3 por elegir a la provincia para ser sede de esta conferencia, que recupera la presencialidad tras un largo tiempo de pandemia. \u201cMuchos de los temas que se debatir\u00e1n aqu\u00ed forman parte de un debate necesario, a nivel internacional, continental y en nuestro pa\u00eds\u201d, destac\u00f3.<br \/>\nEntre sus reflexiones, Capitanich resalt\u00f3 que \u201cno es posible concebir un orden jur\u00eddico justo con injusticia social\u201d. Y agreg\u00f3: \u201cNo hay orden jur\u00eddico equilibrado y justo cuando hay un orden social injusto. Esto significa que los poderosos siempre triunfan con los m\u00e1s d\u00e9biles, y en ese contexto no existe un orden jur\u00eddico equilibrado si no existe el reconocimiento por parte de los pa\u00edses m\u00e1s hegem\u00f3nicos y poderosos de cumplir con las normas de car\u00e1cter internacional, porque son ellos los primeros que las violan. Adem\u00e1s, no es posible construir un orden jur\u00eddico que sea respetado socialmente, si no somos capaces de debatir centralmente una reforma estructural del sistema judicial no solamente en Argentina sino en el mundo\u201d.<br \/>\nFue m\u00e1s all\u00e1 y remarc\u00f3 la existencia de \u201cinsatisfacci\u00f3n democr\u00e1tica\u201d. \u201cLa democracia en el mundo presenta niveles de insatisfacci\u00f3n de car\u00e1cter colectivo por parte de las sociedades, por una raz\u00f3n muy sencilla: porque existe una debilidad pol\u00edtica para emprender procesos de transformaci\u00f3n econ\u00f3mica y social que garanticen justicia social para nuestros pueblos y defensa irrestricta de nuestros intereses soberanos\u201d, sostuvo.<\/p>\n<p>Tensiones<br \/>\nEn sus reflexiones sobre la democracia moderna, Capitanich habl\u00f3 sobre las \u201ctensiones de car\u00e1cter estructural\u201d que existen. \u201cLa primera es entre legalidad y legitimidad. Muchas veces, la legalidad de los procesos de elecci\u00f3n de l\u00edderes pol\u00edticos no necesariamente tiene la legalidad de un pueblo organizado y con capacidad de acci\u00f3n colectiva para promover transformaciones estructurales que garanticen una transformaci\u00f3n del statu quo vigente\u201d, explic\u00f3.<br \/>\nEn segundo lugar, mencion\u00f3 la tensi\u00f3n entre igualdad y libertad, sobre lo cual abund\u00f3: \u201cObservamos la pr\u00e9dica constante, y la compartimos, respecto al ejercicio pleno de la libertad individual; pero pregonamos una libertad solidaria, porque la exacerbaci\u00f3n de la libertad individual, con un proceso de dominaci\u00f3n de base estructural que genere una acumulaci\u00f3n de riqueza hiper-concentrada en unos pocos y la exclusi\u00f3n de las mayor\u00edas, lo \u00fanico que logra es la estigmatizaci\u00f3n de la pobreza, la destrucci\u00f3n del ambiente y la inequidad distributiva\u201d.<br \/>\nAs\u00ed, resalt\u00f3 que \u201cla igualdad de oportunidades es la esencia de la democracia, en tanto y en cuanto seamos capaces de respetar las libertades para todos en condiciones de equidad y de igualdad, porque si no para los pobres lo \u00fanico que queda en la libertad de morirse de hambre y nosotros queremos la libertad espiritual y material de las personas\u201d.<br \/>\nEn tercer lugar, habl\u00f3 de la tensi\u00f3n entre representaci\u00f3n y representatividad: \u201cSignifica poder garantizar el ejercicio efectivo de los derechos potenciales en t\u00e9rminos de administraci\u00f3n del Gobierno, desde el punto de vista del ejercicio de la voluntad popular para la administraci\u00f3n de los recursos estrat\u00e9gicos del Estado\u201d, revel\u00f3.<br \/>\nAl reflexionar sobre las tensiones democr\u00e1ticas, Capitanich marc\u00f3 la presencia de \u201cuna contradicci\u00f3n profunda entre democracia versus corporaci\u00f3n\u201d. \u201cSi uno observa la historia desde el punto de vista del liberalismo cl\u00e1sico, con presidencia del Estado, hacia el neoliberalismo, que implica la cooptaci\u00f3n del Estado para garantizar la satisfacci\u00f3n de sus intereses minoritarios y excluyendo los derechos de las mayor\u00edas populares, se ha generado es un modelo de acumulaci\u00f3n de capital que reproduce desigualdades estructurales y de exclusi\u00f3n sistem\u00e1tica de derechos\u201d, postul\u00f3.<br \/>\n En esa l\u00ednea, el gobernador marc\u00f3 que existe \u201cun serio problema, que es una etapa superior del neoliberalismo, que tiene que ver con el anarco-capitalismo\u201d, es decir \u201cla destrucci\u00f3n del Estado y la prescindencia efectiva de las garant\u00edas de los derechos de los ciudadanos\u201d. \u201cDebemos entender que el ejercicio de nuestra responsabilidad y de ustedes como juristas no es solamente discutir el derecho en t\u00e9rminos abstractos, sino el derecho en t\u00e9rminos pr\u00e1cticos: c\u00f3mo somos capaces de garantizar la plena vigencia de los derechos humanos, que son los derechos econ\u00f3micos y sociales, y garantizar igualdad de oportunidades\u201d, subray\u00f3, marcando a la vez la necesidad, para cumplir con esos postulados, de contar con \u201cdirigentes pol\u00edticos que tengan liderazgo, coraje y que no sean genuflexos a los influjos del poder corporativo\u201d.<br \/>\nEn otro punto, el mandatario advirti\u00f3 que \u201cel poder corporativo son grupos econ\u00f3micos de car\u00e1cter hegem\u00f3nico, que a su vez tienen grupos medi\u00e1ticos hegem\u00f3nicos, los cuales inciden en la designaci\u00f3n de jueces y fiscales para poner el Poder Judicial al servicio de sus intereses\u201d.<br \/>\n\u201cEntonces, cuando hay un l\u00edder pol\u00edtico con capacidad de transformaci\u00f3n de la realidad econ\u00f3mica y social, lo primero que hacen es la denuncia p\u00fablica a partir de un operador que, a su vez, lo realza un medio de comunicaci\u00f3n, que despu\u00e9s lo viraliza en denuncias de car\u00e1cter judicial y que, a su vez, se repotencia en el debate p\u00fablico. Con lo cual, la condena medi\u00e1tica es precedente a la condena judicial, y la condena judicial es precedente al exterminio de base pol\u00edtica y vinculado a la muerte civil a partir de la persecuci\u00f3n de los l\u00edderes pol\u00edticos que han defendido y defienden los valores del pa\u00eds, los intereses estrat\u00e9gicos y la soberan\u00eda de sus recursos\u201d, indic\u00f3, marcando que estas cuestiones deben \u201cformar parte de un debate muy profundo\u201d.<br \/>\nEn torno a la defensa de los intereses estrat\u00e9gicos, el gobernador chaque\u00f1o cit\u00f3 un ejemplo de los \u00faltimos a\u00f1os, que es el reflejo de las inequidades existentes: \u201cLos que endeudaron al pa\u00eds en 100 mil millones de d\u00f3lares, que fugaron 88.000 millones de d\u00f3lares, que tomaron deuda con el Fondo Monetario Internacional por 44.500 millones de d\u00f3lares, los responsables de la mayor especulaci\u00f3n financiera, dictan c\u00e1tedra en las universidades de Estados Unidos; pero resulta ser de los que somos capaces de defender los intereses del pa\u00eds y fuimos capaces de luchar contra los intereses de los fondos buitres que quer\u00edan expoliar las riquezas del pa\u00eds, somos perseguidos judicialmente y sometidos al escarnio p\u00fablico a trav\u00e9s de las operaciones que financian esos mismos fondos buitre\u201d.<br \/>\n\u201cEs hora de que no exista indiferencia del punto de vista del sistema pol\u00edtico, porque cuando hay indiferencia tambi\u00e9n hay complicidad. La \u00fanica manera de tener la defensa de los intereses estrat\u00e9gicos de un pa\u00eds y del sistema pol\u00edtico en su conjunto es garantizar que exista pluralidad, democracia, libertad y que exista la genuina capacidad de defender los intereses populares.<br \/>\n\u201cUn mundo que crece requerir\u00e1 alimentos, energ\u00eda, minerales estrat\u00e9gicos, innovaci\u00f3n, tecnolog\u00eda y desarrollo, requerir\u00e1 recursos humanos calificados, y la defensa irrestricta del territorio y de la soberan\u00eda de nuestros pueblos. Por lo tanto, es imprescindible defender nuestros recursos estrat\u00e9gicos naturales y promover el desarrollo de una matriz productiva que implique cadenas de valor integradas, que promuevan el empleo de buena calidad, pero la justa y equitativa distribuci\u00f3n de la riqueza. Eso significa, tener la capacidad de una nueva cosmovisi\u00f3n desde el punto de vista de la organizaci\u00f3n del sistema econ\u00f3mico, de la organizaci\u00f3n social, de los procesos de urbanizaci\u00f3n, de la administraci\u00f3n de las tensiones y los conflictos sociales, de la nueva organizaci\u00f3n del Estado. Todo esto implica una redefinici\u00f3n de la democracia en t\u00e9rminos de representatividad, de representaci\u00f3n, legitimidad y de ejercicio activo del poder como base transformadora de la realidad social, econ\u00f3mica y cultural\u201d, repas\u00f3.<br \/>\nAl remarcar los desaf\u00edos tambi\u00e9n en esta sociedad digital, por \u00faltimo, Capitanich convoc\u00f3 a \u201crepensar nuevos paradigmas de la representaci\u00f3n social, de la representaci\u00f3n pol\u00edtica, de la construcci\u00f3n de un modelo contracultural en base a esta hegemon\u00eda preexistente, para lo cual necesitamos l\u00edderes pol\u00edticos con acci\u00f3n, convicci\u00f3n y coraje; pero, sobre todo, juristas que tengan la sensibilidad para defender nuestros derechos, que son inmanentes a la humanidad, y para construir nuevos paradigmas que, en base a la solidaridad internacional, nos garanticen una patria justa, libre y soberana; y una humanidad solidaria, justa y equitativa\u201d.<\/p>\n<p>Los ejes<br \/>\nCon la democracia, los DD.HH. y el ambiente como los puntos m\u00e1s relevantes del encuentro, se realizar\u00e1 la conferencia donde expondr\u00e1n referentes juristas e intelectuales entre quienes se destacan Ra\u00fal Zaffaroni, Alejandra Gils Carb\u00f3, Nelly Minyersky, Eduardo Barcesat, Maximiliano Rusconi, Mempo Giardinelli, Alejandro Slokar y Atilio Bor\u00f3n de Argentina; Vanessa Ramos de Puerto Rico; Alberto Fillipi de Italia; Carol Proner y Luciane Toss de Brasil; Alfredo Millan Alarid de M\u00e9xico; Gisela Gim\u00e9nez de Venezuela y Gloria Ram\u00edrez y Pietro Alarc\u00f3n de Colombia, entre otros.<br \/>\nLos ejes tem\u00e1ticos ser\u00e1n:<br \/>\nA) Autodeterminaci\u00f3n, soberan\u00eda e integraci\u00f3n<br \/>\n\u2022El respeto al derecho a la autodeterminaci\u00f3n e independencia de los pueblos y a la soberan\u00eda nacional y popular.<br \/>\n\u2022Soberan\u00eda del Estado sobre las riquezas y bienes comunes.<br \/>\n\u2022Las medidas coercitivas unilaterales.<br \/>\n\u2022La presencia de bases militares extranjeras en Latinoam\u00e9rica y el Caribe.<br \/>\n\u2022El endeudamiento externo. El Fondo Monetario Internacional y el Banco Mundial.<br \/>\n\u2022La integraci\u00f3n regional. Estado actual de los organismos existentes e iniciativas para su impulso.<br \/>\n\u2022El estado de la Democracia en el continente. Impacto sobre las libertades fundamentales y los Derechos Humanos. Procesos electorales.<br \/>\n\u2022El derecho a la Paz conforme al Derecho Internacional.<br \/>\nB. Derechos humanos<br \/>\n\u2022La exigibilidad judicial de los Derechos Econ\u00f3micos, Sociales y Culturales. La progresividad en las pol\u00edticas p\u00fablicas.<br \/>\n\u2022G\u00e9nero: diversidad e igualdad. Justicia feminista. Derechos sexuales y reproductivos.<br \/>\n\u2022Discriminaci\u00f3n de los pueblos originarios y afrodescendientes.<br \/>\n\u2022Medio ambiente y cambio clim\u00e1tico.<br \/>\n\u2022Derecho a la informaci\u00f3n veraz. Libertad de prensa o de empresa. Responsabilidad por la transmisi\u00f3n de noticias falsas (fake news). Las redes sociales y el uso de datos. Censura.<br \/>\n\u2022Responsabilidad del Estado en contextos de crisis sanitarias, alcances y l\u00edmites.<br \/>\n\u2022Responsabilidad de las y los Juristas ante la regresividad de los derechos laborales y de la seguridad social.<br \/>\nC. Poderes p\u00fablicos<br \/>\n\u2022Alcances y l\u00edmites a las facultades y la independencia de jueces, juezas e integrantes del Ministerio P\u00fablico. Car\u00e1cter vitalicio o temporal de sus cargos. Condiciones para su elecci\u00f3n y remoci\u00f3n. Complementariedad entre los Poderes del Estado.<br \/>\n\u2022Responsabilidad de los funcionarios p\u00fablicos por las consecuencias de su gesti\u00f3n y por los da\u00f1os econ\u00f3micos al patrimonio estatal y a la comunidad.<br \/>\n\u2022Lawfare. La utilizaci\u00f3n de la administraci\u00f3n de la justicia para la persecuci\u00f3n pol\u00edtica. La violaci\u00f3n de las garant\u00edas de los Derechos Civiles y Pol\u00edticos.<br \/>\nLa Conferencia cuenta con el auspicio -adem\u00e1s del de la Federaci\u00f3n Judicial Argentina (FJA)- del Centro de Estudios Judiciales del Poder Judicial del Chaco, el Municipio de la ciudad de Resistencia, Librer\u00eda-Editorial ConTexto, Fundaci\u00f3n Formarte, Asociaci\u00f3n Internacional de Juristas Dem\u00f3cratas, Universidad Nacional de Avellaneda, Asociaci\u00f3n Justicia Leg\u00edtima, Asociaci\u00f3n de Abogadas y Abogados de Buenos Aires, Consejo Profesional de Abogados y Procuradores de Resistencia, Colegio de Abogados de Tucum\u00e1n, Colegio de Abogados y Procuradores de Salta.<\/p>\n","protected":false},"excerpt":{"rendered":"<p>En la Casa de las Culturas, el gobernador agradeci\u00f3 a la entidad continental por elegir al Chaco como sede de estas jornadas donde importantes personalidades reflexionar\u00e1n sobre la responsabilidad de los juristas en la defensa de la democracia, la realizaci\u00f3n de los derechos humanos y el ambiente. La primera conferencia magistral ser\u00e1 del juez Ra\u00fal [&hellip;]<\/p>\n","protected":false},"author":1,"featured_media":17655,"comment_status":"closed","ping_status":"closed","sticky":false,"template":"","format":"standard","meta":{"footnotes":""},"categories":[6],"tags":[],"class_list":{"0":"post-17654","1":"post","2":"type-post","3":"status-publish","4":"format-standard","5":"has-post-thumbnail","7":"category-chaco"},"_links":{"self":[{"href":"https:\/\/chacosintesis.com.ar\/index.php\/wp-json\/wp\/v2\/posts\/17654","targetHints":{"allow":["GET"]}}],"collection":[{"href":"https:\/\/chacosintesis.com.ar\/index.php\/wp-json\/wp\/v2\/posts"}],"about":[{"href":"https:\/\/chacosintesis.com.ar\/index.php\/wp-json\/wp\/v2\/types\/post"}],"author":[{"embeddable":true,"href":"https:\/\/chacosintesis.com.ar\/index.php\/wp-json\/wp\/v2\/users\/1"}],"replies":[{"embeddable":true,"href":"https:\/\/chacosintesis.com.ar\/index.php\/wp-json\/wp\/v2\/comments?post=17654"}],"version-history":[{"count":0,"href":"https:\/\/chacosintesis.com.ar\/index.php\/wp-json\/wp\/v2\/posts\/17654\/revisions"}],"wp:featuredmedia":[{"embeddable":true,"href":"https:\/\/chacosintesis.com.ar\/index.php\/wp-json\/wp\/v2\/media\/17655"}],"wp:attachment":[{"href":"https:\/\/chacosintesis.com.ar\/index.php\/wp-json\/wp\/v2\/media?parent=17654"}],"wp:term":[{"taxonomy":"category","embeddable":true,"href":"https:\/\/chacosintesis.com.ar\/index.php\/wp-json\/wp\/v2\/categories?post=17654"},{"taxonomy":"post_tag","embeddable":true,"href":"https:\/\/chacosintesis.com.ar\/index.php\/wp-json\/wp\/v2\/tags?post=17654"}],"curies":[{"name":"wp","href":"https:\/\/api.w.org\/{rel}","templated":true}]}}