{"id":17652,"date":"2022-11-03T07:56:19","date_gmt":"2022-11-03T10:56:19","guid":{"rendered":"https:\/\/chacosintesis.com.ar\/?p=17652"},"modified":"2022-11-03T08:07:53","modified_gmt":"2022-11-03T11:07:53","slug":"se-realizara-el-primer-encuentro-de-jovenes-pro-del-norte-grande","status":"publish","type":"post","link":"https:\/\/chacosintesis.com.ar\/index.php\/se-realizara-el-primer-encuentro-de-jovenes-pro-del-norte-grande\/","title":{"rendered":"Se realizar\u00e1 el primer Encuentro de J\u00f3venes PRO del Norte Grande"},"content":{"rendered":"<p>Durante el pr\u00f3ximo fin de semana, cerca de 100 j\u00f3venes de la regi\u00f3n Norte Grande se reunir\u00e1n para trabajar y debatir sobre problem\u00e1ticas regionales y estrategias para encararlas hacia un a\u00f1o electoral.<br \/>\n Este 5 y 6 de noviembre, Chaco ser\u00e1 sede del primer Encuentro de J\u00f3venes PRO del Norte Grande, y segundo Encuentro Regional de una planificada agenda nacional de la juventud PRO, que tiene como objetivo recorrer el pa\u00eds atendiendo a las problem\u00e1ticas y realidades de los j\u00f3venes de cada regi\u00f3n.<br \/>\n El Encuentro del Norte Grande contar\u00e1, en esta oportunidad, con la presencia de los presidentes de J\u00f3venes PRO de 9 provincias: Catamarca, Chaco, Corrientes, Formosa, Jujuy, Misiones, Santiago del Estero, Salta y Tucum\u00e1n. Cada presidente estar\u00e1 acompa\u00f1ado por una delegaci\u00f3n de j\u00f3venes de su provincia. Adem\u00e1s, Juventud PRO Nacional har\u00e1 presencia en el Encuentro con sus principales autoridades.<br \/>\n Bajo el lema RepresentAR, Pedro Roulet, Presidente de J\u00f3venes PRO Nacional, puso en marcha la agenda de encuentros regionales en todo el pa\u00eds, siguiendo un modelo muy federal de practicar pol\u00edtica. Las jornadas regionales constan de capacitaciones, conversatorios, mesas de debate y, sobre el final, una puesta en com\u00fan como producto de lo trabajado durante el Encuentro. Los 3 grandes ejes que regir\u00e1n las actividades de ambos d\u00edas ser\u00e1n: Educaci\u00f3n, Empleo y Vivienda. Estos ejes fueron escogidos por los j\u00f3venes de las distintas provincias de la regi\u00f3n, con el fin de tratar graves falencias en el sistema educativo, y luchar por un acceso real y de calidad a empleo y vivienda.<br \/>\n En este contexto, Chaco propone una agitada agenda de capacitaciones y trabajo territorial durante el fin de semana. El cierre de las jornadas estar\u00e1 a cargo de los presidentes de J\u00f3venes PRO de cada Provincia, quienes conformar\u00e1n la mesa regional de J\u00f3venes PRO Norte Grande, liderada en esta oportunidad, por Everest Jovanovich, presidente anfitri\u00f3n del Encuentro. La mesa se encargar\u00e1 de redactar y difundir un comunicado oficial acerca de lo trabajado durante las jornadas que dure el Encuentro.<\/p>\n","protected":false},"excerpt":{"rendered":"<p>Durante el pr\u00f3ximo fin de semana, cerca de 100 j\u00f3venes de la regi\u00f3n Norte Grande se reunir\u00e1n para trabajar y debatir sobre problem\u00e1ticas regionales y estrategias para encararlas hacia un a\u00f1o electoral. Este 5 y 6 de noviembre, Chaco ser\u00e1 sede del primer Encuentro de J\u00f3venes PRO del Norte Grande, y segundo Encuentro Regional de [&hellip;]<\/p>\n","protected":false},"author":1,"featured_media":17653,"comment_status":"closed","ping_status":"closed","sticky":false,"template":"","format":"standard","meta":{"footnotes":""},"categories":[6],"tags":[],"class_list":{"0":"post-17652","1":"post","2":"type-post","3":"status-publish","4":"format-standard","5":"has-post-thumbnail","7":"category-chaco"},"_links":{"self":[{"href":"https:\/\/chacosintesis.com.ar\/index.php\/wp-json\/wp\/v2\/posts\/17652","targetHints":{"allow":["GET"]}}],"collection":[{"href":"https:\/\/chacosintesis.com.ar\/index.php\/wp-json\/wp\/v2\/posts"}],"about":[{"href":"https:\/\/chacosintesis.com.ar\/index.php\/wp-json\/wp\/v2\/types\/post"}],"author":[{"embeddable":true,"href":"https:\/\/chacosintesis.com.ar\/index.php\/wp-json\/wp\/v2\/users\/1"}],"replies":[{"embeddable":true,"href":"https:\/\/chacosintesis.com.ar\/index.php\/wp-json\/wp\/v2\/comments?post=17652"}],"version-history":[{"count":0,"href":"https:\/\/chacosintesis.com.ar\/index.php\/wp-json\/wp\/v2\/posts\/17652\/revisions"}],"wp:featuredmedia":[{"embeddable":true,"href":"https:\/\/chacosintesis.com.ar\/index.php\/wp-json\/wp\/v2\/media\/17653"}],"wp:attachment":[{"href":"https:\/\/chacosintesis.com.ar\/index.php\/wp-json\/wp\/v2\/media?parent=17652"}],"wp:term":[{"taxonomy":"category","embeddable":true,"href":"https:\/\/chacosintesis.com.ar\/index.php\/wp-json\/wp\/v2\/categories?post=17652"},{"taxonomy":"post_tag","embeddable":true,"href":"https:\/\/chacosintesis.com.ar\/index.php\/wp-json\/wp\/v2\/tags?post=17652"}],"curies":[{"name":"wp","href":"https:\/\/api.w.org\/{rel}","templated":true}]}}