{"id":17625,"date":"2022-10-31T09:24:42","date_gmt":"2022-10-31T12:24:42","guid":{"rendered":"https:\/\/chacosintesis.com.ar\/?p=17625"},"modified":"2022-10-31T09:36:43","modified_gmt":"2022-10-31T12:36:43","slug":"alivio-termico-por-unos-dias-en-la-region","status":"publish","type":"post","link":"https:\/\/chacosintesis.com.ar\/index.php\/alivio-termico-por-unos-dias-en-la-region\/","title":{"rendered":"Alivio t\u00e9rmico por unos d\u00edas en la regi\u00f3n"},"content":{"rendered":"<p>Durante la tarde de este domingo y a partir de un cambio de la direcci\u00f3n del viento, la temperatura en la ciudad de Resistencia y alrededores mostr\u00f3 un sensible descenso.<br \/>\nLuego de unas jornadas de m\u00e1s de 34 grados y mucho sol, anoche el term\u00f3metro marcaba unos agradables 18 grados.<br \/>\nAsimismo, por los pr\u00f3ximos d\u00edas las temperaturas m\u00ednimas bajar\u00e1n de 10 e ir\u00e1n subiendo gradualmente. Las m\u00e1ximas, en tanto, ir\u00e1n de 21 previsto para hoy a 30 para el s\u00e1bado, seg\u00fan inform\u00f3 el Servicio Meteorol\u00f3gico.<br \/>\nAunque se esperaban lluvias, hasta el cierre de esta edici\u00f3n no se produjeron en la capital chaque\u00f1a, aunque s\u00ed hubo algunos registros en localidades del interior.<br \/>\nNorte.-<\/p>\n","protected":false},"excerpt":{"rendered":"<p>Durante la tarde de este domingo y a partir de un cambio de la direcci\u00f3n del viento, la temperatura en la ciudad de Resistencia y alrededores mostr\u00f3 un sensible descenso. Luego de unas jornadas de m\u00e1s de 34 grados y mucho sol, anoche el term\u00f3metro marcaba unos agradables 18 grados. Asimismo, por los pr\u00f3ximos d\u00edas [&hellip;]<\/p>\n","protected":false},"author":1,"featured_media":17626,"comment_status":"closed","ping_status":"closed","sticky":false,"template":"","format":"standard","meta":{"footnotes":""},"categories":[6],"tags":[197],"class_list":{"0":"post-17625","1":"post","2":"type-post","3":"status-publish","4":"format-standard","5":"has-post-thumbnail","7":"category-chaco","8":"tag-destacada"},"_links":{"self":[{"href":"https:\/\/chacosintesis.com.ar\/index.php\/wp-json\/wp\/v2\/posts\/17625","targetHints":{"allow":["GET"]}}],"collection":[{"href":"https:\/\/chacosintesis.com.ar\/index.php\/wp-json\/wp\/v2\/posts"}],"about":[{"href":"https:\/\/chacosintesis.com.ar\/index.php\/wp-json\/wp\/v2\/types\/post"}],"author":[{"embeddable":true,"href":"https:\/\/chacosintesis.com.ar\/index.php\/wp-json\/wp\/v2\/users\/1"}],"replies":[{"embeddable":true,"href":"https:\/\/chacosintesis.com.ar\/index.php\/wp-json\/wp\/v2\/comments?post=17625"}],"version-history":[{"count":0,"href":"https:\/\/chacosintesis.com.ar\/index.php\/wp-json\/wp\/v2\/posts\/17625\/revisions"}],"wp:featuredmedia":[{"embeddable":true,"href":"https:\/\/chacosintesis.com.ar\/index.php\/wp-json\/wp\/v2\/media\/17626"}],"wp:attachment":[{"href":"https:\/\/chacosintesis.com.ar\/index.php\/wp-json\/wp\/v2\/media?parent=17625"}],"wp:term":[{"taxonomy":"category","embeddable":true,"href":"https:\/\/chacosintesis.com.ar\/index.php\/wp-json\/wp\/v2\/categories?post=17625"},{"taxonomy":"post_tag","embeddable":true,"href":"https:\/\/chacosintesis.com.ar\/index.php\/wp-json\/wp\/v2\/tags?post=17625"}],"curies":[{"name":"wp","href":"https:\/\/api.w.org\/{rel}","templated":true}]}}