{"id":17610,"date":"2022-10-29T12:21:23","date_gmt":"2022-10-29T15:21:23","guid":{"rendered":"https:\/\/chacosintesis.com.ar\/?p=17610"},"modified":"2022-10-29T12:37:00","modified_gmt":"2022-10-29T15:37:00","slug":"villa-angela-menores-pelearon-y-uno-termino-muerto","status":"publish","type":"post","link":"https:\/\/chacosintesis.com.ar\/index.php\/villa-angela-menores-pelearon-y-uno-termino-muerto\/","title":{"rendered":"Villa \u00c1ngela: menores pelearon y uno termin\u00f3 muerto"},"content":{"rendered":"<p>El jueves, un chico de 15 y otro de 17 se tomaron a los golpes frente en la intersecci\u00f3n de Yrigoyen y Mitre. El m\u00e1s grande noque\u00f3 al m\u00e1s peque\u00f1o y le caus\u00f3 una herida mortal.<br \/>\n Una pelea entre dos adolescentes qued\u00f3 registrada por las c\u00e1maras de seguridad: es la prueba fundamental para la justicia del Menor y la fiscal\u00eda de investigaciones penal de Villa \u00c1ngela. En el material se ve c\u00f3mo el adolescente de 17 a\u00f1os, que le saca varios cent\u00edmetros al de 15, golpe\u00f3 a la v\u00edctima identificada como Jonas Ben\u00edtez. Ya en el suelo, el agresor se da cuenta de que algo no andaba bien y quiere reanimarlo.<br \/>\nEl video que se public\u00f3 en redes sociales luego se corta. Pero fue relevante para que se produzca un giro en la pesquisa, donde un forense hab\u00eda determinado que no se trat\u00f3 de una muerte traum\u00e1tica.<br \/>\nEl hecho fue el 27 de octubre a las 1.30, donde la m\u00e9dica en turno del hospital local, Patricia Borsato, inform\u00f3 que el menor entr\u00f3 sin signos vitales y dictamin\u00f3 muerte dudosa.<br \/>\nSe hizo presente el fiscal en turno Sergio R\u00edos y el m\u00e9dico forense inform\u00f3 que de acuerdo con el &#8220;examen externo no se hallaron lesiones&#8221;, y dictamin\u00f3 \u2018posible muerte por paro cardiorrespiratorio no traum\u00e1tico, muerte s\u00fabita\u2018.<br \/>\nEste viernes, el panorama cambi\u00f3 a partir de la circulaci\u00f3n de un video. Por lo que la Divisi\u00f3n Investigaciones Complejas procedi\u00f3 a relevar las c\u00e1maras de seguridad del sector, donde se visualiza en las im\u00e1genes, en el momento del hecho, en la vereda, a varios j\u00f3venes, dos de los cuales se trenzan a golpes para posteriormente quedar uno de ellos tirado en el piso. Se trataba de Jonas, quien fue trasladado en ambulancia al hospital.<br \/>\n Este viernes, el cuerpo fue exhumado para una autopsia, donde los m\u00e9dicos forenses determinaron que el chico de 15 a\u00f1os hab\u00eda sufrido traumatismos de cr\u00e1neo grave con hemorragia interna.<br \/>\nCon una autopsia reveladora, el fiscal R\u00edos en conjunto con el juez de Menores ordenaron se proceda al alojamiento del agresor en la comisar\u00eda Primera, donde la causa qued\u00f3 caratulada como homicidio.<br \/>\nEl acusado seguir\u00e1 en condici\u00f3n de alojado, hasta que se resuelvan otras medidas, tendientes al esclarecimiento de la pelea que termin\u00f3 en la muerte de Jonas.<br \/>\n DIARIO NORTE.-<\/p>\n","protected":false},"excerpt":{"rendered":"<p>El jueves, un chico de 15 y otro de 17 se tomaron a los golpes frente en la intersecci\u00f3n de Yrigoyen y Mitre. El m\u00e1s grande noque\u00f3 al m\u00e1s peque\u00f1o y le caus\u00f3 una herida mortal. Una pelea entre dos adolescentes qued\u00f3 registrada por las c\u00e1maras de seguridad: es la prueba fundamental para la justicia [&hellip;]<\/p>\n","protected":false},"author":1,"featured_media":17611,"comment_status":"closed","ping_status":"closed","sticky":false,"template":"","format":"standard","meta":{"footnotes":""},"categories":[6],"tags":[197],"class_list":{"0":"post-17610","1":"post","2":"type-post","3":"status-publish","4":"format-standard","5":"has-post-thumbnail","7":"category-chaco","8":"tag-destacada"},"_links":{"self":[{"href":"https:\/\/chacosintesis.com.ar\/index.php\/wp-json\/wp\/v2\/posts\/17610","targetHints":{"allow":["GET"]}}],"collection":[{"href":"https:\/\/chacosintesis.com.ar\/index.php\/wp-json\/wp\/v2\/posts"}],"about":[{"href":"https:\/\/chacosintesis.com.ar\/index.php\/wp-json\/wp\/v2\/types\/post"}],"author":[{"embeddable":true,"href":"https:\/\/chacosintesis.com.ar\/index.php\/wp-json\/wp\/v2\/users\/1"}],"replies":[{"embeddable":true,"href":"https:\/\/chacosintesis.com.ar\/index.php\/wp-json\/wp\/v2\/comments?post=17610"}],"version-history":[{"count":0,"href":"https:\/\/chacosintesis.com.ar\/index.php\/wp-json\/wp\/v2\/posts\/17610\/revisions"}],"wp:featuredmedia":[{"embeddable":true,"href":"https:\/\/chacosintesis.com.ar\/index.php\/wp-json\/wp\/v2\/media\/17611"}],"wp:attachment":[{"href":"https:\/\/chacosintesis.com.ar\/index.php\/wp-json\/wp\/v2\/media?parent=17610"}],"wp:term":[{"taxonomy":"category","embeddable":true,"href":"https:\/\/chacosintesis.com.ar\/index.php\/wp-json\/wp\/v2\/categories?post=17610"},{"taxonomy":"post_tag","embeddable":true,"href":"https:\/\/chacosintesis.com.ar\/index.php\/wp-json\/wp\/v2\/tags?post=17610"}],"curies":[{"name":"wp","href":"https:\/\/api.w.org\/{rel}","templated":true}]}}