{"id":17596,"date":"2022-10-28T09:05:09","date_gmt":"2022-10-28T12:05:09","guid":{"rendered":"https:\/\/chacosintesis.com.ar\/?p=17596"},"modified":"2022-10-28T09:11:41","modified_gmt":"2022-10-28T12:11:41","slug":"lanzan-oficialmente-la-fiesta-nacional-del-algodon-en-roque-saenz-pena","status":"publish","type":"post","link":"https:\/\/chacosintesis.com.ar\/index.php\/lanzan-oficialmente-la-fiesta-nacional-del-algodon-en-roque-saenz-pena\/","title":{"rendered":"Lanzan oficialmente la Fiesta Nacional del Algod\u00f3n en Roque S\u00e1enz Pe\u00f1a"},"content":{"rendered":"<p>Ser\u00e1 del 4 al 6 de noviembre y tendr\u00e1 charlas t\u00e9cnicas sobre el cultivo, adem\u00e1s de un variado programa de espect\u00e1culos art\u00edsticos. Vuelve el cuerpo de las bastoneras oficiales del ente.<\/p>\n<p>Organizada por el Gobierno del Chaco, fue presentada la Fiesta Nacional del Algod\u00f3n, evento que se realizar\u00e1 los d\u00edas viernes 4, s\u00e1bado 5 y domingo 6 de noviembre pr\u00f3ximo en el predio ferial del Barrio Monse\u00f1or de Carlo.<br \/>\n A trav\u00e9s de una conferencia de prensa realizada ayer en el centro de convenciones, se present\u00f3 una nueva edici\u00f3n de la FNA que este a\u00f1o recupera a trav\u00e9s del Grupo Agroperfiles las jornadas t\u00e9cnicas algodoneras donde temas como la biotecnolog\u00eda en la semilla, las derivas de productos hormonales y la necesidad de contar con una red de estaciones meteorol\u00f3gicas, forman parte de las disertaciones que se har\u00e1n viernes y s\u00e1bado.<br \/>\nEl Ministerio de Planificaci\u00f3n, Econom\u00eda e Infraestructura cerr\u00f3 detalles organizativos para la Fiesta Nacional del Algod\u00f3n 2022, que tendr\u00e1 una fuerte impronta productiva y de innovaci\u00f3n. As\u00ed, se indic\u00f3, la agenda incluir\u00e1 charlas, exposiciones y capacitaciones que permitir\u00e1n fortalecer la cadena productiva en la provincia, adem\u00e1s de espect\u00e1culos art\u00edsticos destacados.<br \/>\nEL ANUNCIO OFICIAL<br \/>\nEL anuncio oficial lo hizo el ministro de Producci\u00f3n, Industria y Empleo, Sebasti\u00e1n Lifton, junto al subsecretario de Turismo, Mauro Flores; el intendente de la ciudad, Bruno Luis Cipolini; adem\u00e1s de representantes del INTA y de la entidad organizadora del evento Agronea Producciones.<br \/>\n&#8220;S\u00e1enz Pe\u00f1a vuelve a ser sede de la Fiesta Nacional del Algod\u00f3n posicionando al sector algodonero del Chaco como protagonista a nivel nacional, el evento contempla una agenda cultural pensando en el disfrute de todas y todos los saenzpe\u00f1enses y visitantes&#8221;, indic\u00f3 Lifton.<br \/>\nLa organizaci\u00f3n est\u00e1 a cargo del gobierno provincial, junto al grupo Agroperfiles en las charlas t\u00e9cnicas, el INTA, el municipio local, la Universidad Nacional del Chaco Austral y Agronea, que trabajaron articuladamente en una agenda que incluye disertaciones sobre temas claves para el sector.<br \/>\nEn la mesa tambi\u00e9n estuvo presente el ultimo presidente del ente Fiesta Nacional del Algod\u00f3n, No\u00e9 Kohn, quien dio todo su respaldo a la organizaci\u00f3n del evento que vuelve concitar la atenci\u00f3n del p\u00fablico del interior y de los productores.<br \/>\nLAS CAPACITACIONES<br \/>\nEl viernes 4 de noviembre ser\u00e1 la jornada de capacitaciones, contando con las siguientes charlas: &#8220;Biotecnolog\u00eda de algod\u00f3n en el territorio&#8221;, &#8220;El Clima en la actividad algodonera&#8221;, &#8220;Aportes pasados, presentes y futuros de la biotecnolog\u00eda en el cultivo del Algod\u00f3n&#8221;, &#8220;Estrategias de generaci\u00f3n nuevas variedades de algod\u00f3n en Argentina&#8221; y &#8220;Biodesarrollo y bioinnovaci\u00f3n: C\u00f3mo acompa\u00f1a los desarrollos locales la Direcci\u00f3n Nacional de Bioeconom\u00eda&#8221;.<br \/>\nCada una de las exposiciones estar\u00e1 a cargo de profesionales y especialistas reconocidos en la materia.<br \/>\nLas charlas se desarrollar\u00e1n entre las 9 y las 17, mientras que desde las 18 ser\u00e1 la apertura oficial de la 29\u00b0 Edici\u00f3n de Fiesta Nacional del Algod\u00f3n, con presencia de autoridades locales, provinciales y nacionales.<br \/>\nEL PREDIO ABRE A LAS 17, CON ENTRADA GRATIS<br \/>\nDurante las tres jornadas el predio ferial abrir\u00e1 sus puertas desde las 17 para el p\u00fablico general que quiera disfrutar de las exhibiciones.<br \/>\nParalelamente, diversas instituciones y \u00e1reas gubernamentales contar\u00e1n con un stand en el predio para que las y los visitantes puedan realizar diversos tr\u00e1mites y gestiones en el lugar.<br \/>\n DIARIO NORTE.-<\/p>\n","protected":false},"excerpt":{"rendered":"<p>Ser\u00e1 del 4 al 6 de noviembre y tendr\u00e1 charlas t\u00e9cnicas sobre el cultivo, adem\u00e1s de un variado programa de espect\u00e1culos art\u00edsticos. Vuelve el cuerpo de las bastoneras oficiales del ente. Organizada por el Gobierno del Chaco, fue presentada la Fiesta Nacional del Algod\u00f3n, evento que se realizar\u00e1 los d\u00edas viernes 4, s\u00e1bado 5 y [&hellip;]<\/p>\n","protected":false},"author":1,"featured_media":17597,"comment_status":"closed","ping_status":"closed","sticky":false,"template":"","format":"standard","meta":{"footnotes":""},"categories":[6],"tags":[197],"class_list":{"0":"post-17596","1":"post","2":"type-post","3":"status-publish","4":"format-standard","5":"has-post-thumbnail","7":"category-chaco","8":"tag-destacada"},"_links":{"self":[{"href":"https:\/\/chacosintesis.com.ar\/index.php\/wp-json\/wp\/v2\/posts\/17596","targetHints":{"allow":["GET"]}}],"collection":[{"href":"https:\/\/chacosintesis.com.ar\/index.php\/wp-json\/wp\/v2\/posts"}],"about":[{"href":"https:\/\/chacosintesis.com.ar\/index.php\/wp-json\/wp\/v2\/types\/post"}],"author":[{"embeddable":true,"href":"https:\/\/chacosintesis.com.ar\/index.php\/wp-json\/wp\/v2\/users\/1"}],"replies":[{"embeddable":true,"href":"https:\/\/chacosintesis.com.ar\/index.php\/wp-json\/wp\/v2\/comments?post=17596"}],"version-history":[{"count":0,"href":"https:\/\/chacosintesis.com.ar\/index.php\/wp-json\/wp\/v2\/posts\/17596\/revisions"}],"wp:featuredmedia":[{"embeddable":true,"href":"https:\/\/chacosintesis.com.ar\/index.php\/wp-json\/wp\/v2\/media\/17597"}],"wp:attachment":[{"href":"https:\/\/chacosintesis.com.ar\/index.php\/wp-json\/wp\/v2\/media?parent=17596"}],"wp:term":[{"taxonomy":"category","embeddable":true,"href":"https:\/\/chacosintesis.com.ar\/index.php\/wp-json\/wp\/v2\/categories?post=17596"},{"taxonomy":"post_tag","embeddable":true,"href":"https:\/\/chacosintesis.com.ar\/index.php\/wp-json\/wp\/v2\/tags?post=17596"}],"curies":[{"name":"wp","href":"https:\/\/api.w.org\/{rel}","templated":true}]}}