{"id":17586,"date":"2022-10-27T08:43:03","date_gmt":"2022-10-27T11:43:03","guid":{"rendered":"https:\/\/chacosintesis.com.ar\/?p=17586"},"modified":"2022-10-27T09:12:30","modified_gmt":"2022-10-27T12:12:30","slug":"inicia-el-1-de-noviembre-la-preinscripcion-online-para-el-ciclo-lectivo-2023","status":"publish","type":"post","link":"https:\/\/chacosintesis.com.ar\/index.php\/inicia-el-1-de-noviembre-la-preinscripcion-online-para-el-ciclo-lectivo-2023\/","title":{"rendered":"Inicia el 1 de noviembre la preinscripci\u00f3n online para el ciclo lectivo 2023"},"content":{"rendered":"<p>Por segundo a\u00f1o consecutivo, el Ministerio de Educaci\u00f3n propone realizar la preinscripci\u00f3n online de ni\u00f1os y ni\u00f1as que ingresen a jardines de infantes y escuelas primarias, as\u00ed como de adolescentes al primer a\u00f1o de las secundarias, sin examen de ingreso.<br \/>\nA trav\u00e9s de la Resoluci\u00f3n N\u00ba 4221\/2022, el Ministerio de Educaci\u00f3n de la provincia dispone que el per\u00edodo de preinscripci\u00f3n para el ingreso a los niveles Inicial, Primario y Secundario 2023 de todas las unidades educativas p\u00fablicas de gesti\u00f3n estatal, social y comunitaria -de las modalidades com\u00fan y t\u00e9cnica-, se realizar\u00e1 del 1 al 15 de noviembre del corriente a\u00f1o.<br \/>\nAl igual que el a\u00f1o pasado, ser\u00e1 de manera virtual a trav\u00e9s del Sistema Integral de Educaci\u00f3n (SIE) de la provincia. De esta manera, se busca agilizar el tr\u00e1mite de inscripci\u00f3n y contar con informaci\u00f3n educativa integrada, real, sistematizada y actualizada acerca de las y los estudiantes de los niveles obligatorios y sus modalidades.<br \/>\nLos y las estudiantes podr\u00e1n inscribirse en hasta dos establecimientos, en orden de preferencia (1 y 2), a fin de posibilitar un ingreso seguro. Durante este periodo, las direcciones regionales educativas brindar\u00e1n asesoramiento presencial a tutores en caso de que surjan dudas sobre c\u00f3mo realizar la preinscripci\u00f3n.<br \/>\nDesde la cartera se ratifica que no habr\u00e1 ex\u00e1menes de ingreso, y la inscripci\u00f3n o ratificaci\u00f3n definitiva de las vacantes se realizar\u00e1 atendiendo a un orden de prioridades que busca garantizar la equidad e igualdad de oportunidades para todos los y las estudiantes.<br \/>\nEn este sentido, tendr\u00e1n siempre prioridad para inscribirse a una determinada unidad educativa los hijos e hijas del personal docente y de servicio de la misma; hijos\/as de tutores para aquellos casos en los cuales la creaci\u00f3n del establecimiento haya tenido como objetivo atender a un sector espec\u00edfico; estudiantes con hermanos\/as en el establecimiento escolar; estudiantes con domicilio en el radio escolar (1000 metros) y, por \u00faltimo, estudiantes cuyos padres o madres tengan domicilio laboral certificado comprendido en el radio escolar (los domicilios deber\u00e1n acreditarse mediante documentaci\u00f3n fehaciente).<br \/>\nSi una vez confirmadas las preinscripciones, seg\u00fan orden de preferencia y prioridades, quedar\u00e1 un n\u00famero de aspirantes en el mismo nivel de preferencia y prioridad que excediera el n\u00famero de vacantes disponibles, la instituci\u00f3n proceder\u00e1 a realizar un sorteo de dichas vacantes entre los aspirantes mencionados.<br \/>\nCabe aclarar que el per\u00edodo de preinscripci\u00f3n no implica matriculaci\u00f3n definitiva. Entre el 23 y el 29 de noviembre se confirmar\u00e1n las preinscripciones correspondientes al orden de preferencia 1 (primera opci\u00f3n institucional en el formulario de Preinscripci\u00f3n); y entre el 30 de noviembre y el 6 de diciembre se confirmar\u00e1n las preinscripciones correspondientes al orden de preferencia 2 (segunda opci\u00f3n).<br \/>\nEn dichas semanas, la instituci\u00f3n educativa se comunicar\u00e1 con los padres y madres, una vez que haya efectuado revisi\u00f3n de la documentaci\u00f3n y constataci\u00f3n de la veracidad de los datos consignados en los formularios de preinscripci\u00f3n, para la ratificaci\u00f3n de la asignaci\u00f3n de las vacantes. Luego, del 1 al 15 de diciembre, se completar\u00e1 el proceso de inscripci\u00f3n, de manera presencial: los tutores o responsables parentales deber\u00e1n presentar la documentaci\u00f3n confirmatoria de lo consignado en el formulario de preinscripci\u00f3n ante la unidad educativa, acompa\u00f1ada del formulario de inscripci\u00f3n (a partir de este a\u00f1o, los comprobantes de preinscripci\u00f3n emitidos por el Sistema SIE utilizar\u00e1n el c\u00f3digo QR para su validaci\u00f3n; los \u00fanicos comprobantes v\u00e1lidos que se aceptar\u00e1n son aquellos que tengan el c\u00f3digo inserto).<br \/>\nLa documentaci\u00f3n que deber\u00e1n presentar es la siguiente: fotocopia del DNI del estudiante (m\u00e1s CUIL si no est\u00e1 detallado en DNI), constancia de finalizaci\u00f3n del nivel primario, en el caso de ingresantes al nivel secundario; y constancia de CUIL de tutores. En los casos que sea necesario certificar domicilio real o laboral dentro del radio escolar, se deber\u00e1 adjuntar documentaci\u00f3n que lo acredite. La autoridad escolar podr\u00e1 requerir documentaci\u00f3n respaldatoria complementaria ante la identificaci\u00f3n de posibles inconsistencias.<br \/>\nAquellos estudiantes que hayan realizado la preinscripci\u00f3n pero no hayan obtenido vacante en las instituciones consignadas como preferencia 1 o 2 podr\u00e1n reinscribirse de manera online o en forma presencial en otras instituciones con vacantes disponibles, una vez expuestas las listas finales (las vacantes se expondr\u00e1n en el SIE a partir del 16 de diciembre); sus tutores\/as o responsables parentales ser\u00e1n quienes realicen el tr\u00e1mite de elecci\u00f3n de nueva instituci\u00f3n, y tendr\u00e1n tiempo hasta la primera obligaci\u00f3n concurrente de 2023.<br \/>\nEn los primeros 5 d\u00edas h\u00e1biles luego de la primera obligaci\u00f3n concurrente de presentaci\u00f3n del personal docente y administrativo de las instituciones (febrero de cada a\u00f1o), se confirmar\u00e1n las vacantes, y la instituci\u00f3n informar\u00e1 a los tutores los t\u00e9rminos para la presentaci\u00f3n de la documentaci\u00f3n complementaria: certificado de aptitud f\u00edsica, certificado de buena salud, certificado bucodental y carnet de vacuna.<\/p>\n<p>Como ya se mencion\u00f3, la Resoluci\u00f3n N\u00ba 4221\/2022 alcanza a todas las unidades educativas p\u00fablicas de gesti\u00f3n estatal, social y comunitaria. Las instituciones educativas de gesti\u00f3n privada regular\u00e1n los procedimientos y plazos para la preinscripci\u00f3n, inscripci\u00f3n y matriculaci\u00f3n de los\/as estudiantes en acuerdo a las disposiciones emanadas de la Direcci\u00f3n Provincial de Educaci\u00f3n P\u00fablica de Gesti\u00f3n Privada.<br \/>\nPor otra parte, las unidades educativas de las modalidades no incluidas en esta primera etapa en el M\u00f3dulo de Preinscripciones de SIE, como son los casos de las escuelas de Educaci\u00f3n Especial y de Educaci\u00f3n para J\u00f3venes y Adultos, realizar\u00e1n las preinscripciones en los mismos plazos establecidos en la Resoluci\u00f3n, de manera presencial, respetando el mismo orden de prioridades.<br \/>\nPara m\u00e1s informaci\u00f3n sobre Preinscripci\u00f3n 2023, ingresar a educacion.chaco.gob.ar<\/p>\n","protected":false},"excerpt":{"rendered":"<p>Por segundo a\u00f1o consecutivo, el Ministerio de Educaci\u00f3n propone realizar la preinscripci\u00f3n online de ni\u00f1os y ni\u00f1as que ingresen a jardines de infantes y escuelas primarias, as\u00ed como de adolescentes al primer a\u00f1o de las secundarias, sin examen de ingreso. A trav\u00e9s de la Resoluci\u00f3n N\u00ba 4221\/2022, el Ministerio de Educaci\u00f3n de la provincia dispone [&hellip;]<\/p>\n","protected":false},"author":1,"featured_media":17587,"comment_status":"closed","ping_status":"closed","sticky":false,"template":"","format":"standard","meta":{"footnotes":""},"categories":[6],"tags":[],"class_list":{"0":"post-17586","1":"post","2":"type-post","3":"status-publish","4":"format-standard","5":"has-post-thumbnail","7":"category-chaco"},"_links":{"self":[{"href":"https:\/\/chacosintesis.com.ar\/index.php\/wp-json\/wp\/v2\/posts\/17586","targetHints":{"allow":["GET"]}}],"collection":[{"href":"https:\/\/chacosintesis.com.ar\/index.php\/wp-json\/wp\/v2\/posts"}],"about":[{"href":"https:\/\/chacosintesis.com.ar\/index.php\/wp-json\/wp\/v2\/types\/post"}],"author":[{"embeddable":true,"href":"https:\/\/chacosintesis.com.ar\/index.php\/wp-json\/wp\/v2\/users\/1"}],"replies":[{"embeddable":true,"href":"https:\/\/chacosintesis.com.ar\/index.php\/wp-json\/wp\/v2\/comments?post=17586"}],"version-history":[{"count":0,"href":"https:\/\/chacosintesis.com.ar\/index.php\/wp-json\/wp\/v2\/posts\/17586\/revisions"}],"wp:featuredmedia":[{"embeddable":true,"href":"https:\/\/chacosintesis.com.ar\/index.php\/wp-json\/wp\/v2\/media\/17587"}],"wp:attachment":[{"href":"https:\/\/chacosintesis.com.ar\/index.php\/wp-json\/wp\/v2\/media?parent=17586"}],"wp:term":[{"taxonomy":"category","embeddable":true,"href":"https:\/\/chacosintesis.com.ar\/index.php\/wp-json\/wp\/v2\/categories?post=17586"},{"taxonomy":"post_tag","embeddable":true,"href":"https:\/\/chacosintesis.com.ar\/index.php\/wp-json\/wp\/v2\/tags?post=17586"}],"curies":[{"name":"wp","href":"https:\/\/api.w.org\/{rel}","templated":true}]}}