{"id":17584,"date":"2022-10-27T08:34:29","date_gmt":"2022-10-27T11:34:29","guid":{"rendered":"https:\/\/chacosintesis.com.ar\/?p=17584"},"modified":"2022-10-27T08:41:27","modified_gmt":"2022-10-27T11:41:27","slug":"policias-expulsados-por-venta-de-vehiculos-secuestrados-por-la-justicia","status":"publish","type":"post","link":"https:\/\/chacosintesis.com.ar\/index.php\/policias-expulsados-por-venta-de-vehiculos-secuestrados-por-la-justicia\/","title":{"rendered":"Polic\u00edas expulsados por venta de veh\u00edculos secuestrados por la Justicia"},"content":{"rendered":"<p>Se trata de la comisaria mayor Irma Insaurralde, el comisario mayor Gustavo Ortiz, el comisario principal Rub\u00e9n Valenzuela y el subcomisario Jos\u00e9 Ricail.<br \/>\nOtro esc\u00e1ndalo sacude las filas de la Polic\u00eda del Chaco, luego de confirmarse que cuatro altos jefes fueron echados por el gobernador Jorge Milton Capitanich, ya que los efectivos est\u00e1n imputados por fraguar y vender veh\u00edculos que eran secuestrados por la Justicia.<br \/>\nAutos y motos fueron comercializados por los polic\u00edas, cuyas operaciones se concretaron con la supuesta complicidad de Sergio Javier Dom\u00ednguez, quien se desempe\u00f1aba en la Mesa \u00danica de Ingreso e Intervenci\u00f3n Temprana -Muiit- de la Unidad Fiscal de Resistencia y de Hugo Alejandro Mu\u00f1oz, quien cumpl\u00eda funciones en la Divisi\u00f3n Verificaciones de la Polic\u00eda del Chaco.<br \/>\nEl decreto de Capitanich tiene fecha de 25 de octubre y la cesant\u00eda alcanza a la comisario mayor de Irma Beatriz Insaurralde ( jefa de Departamento Polic\u00eda Cient\u00edfica), comisario mayor Gustavo Ricardo Ortiz ( jefe de Seccional Segunda), comisario principal Rub\u00e9n Antonio Valenzuela (jefe de la Divisi\u00f3n Criminal\u00edstica) y subcomisario de Polic\u00eda Jos\u00e9 Antonio Ricail (Divisi\u00f3n Criminal\u00edstica Metropolitana ).<br \/>\nLos polic\u00edas fueron cesanteados por cometer faltas graves, seg\u00fan el decreto de Capitanich. Pero, adem\u00e1s de la causa administrativa a cargo del Organismo de Control Institucional (OCI), los polic\u00edas afrontar una causa penal, y llegan al juicio los cuatro en libertad.<br \/>\nLa investigaci\u00f3n interna contra los altos jefes policiales se inici\u00f3 a ra\u00edz de la causa judicial caratulada: &#8220;Utilizaci\u00f3n del Instrumento P\u00fablico Falso y Estafa Agravada en perjuicio de la Administraci\u00f3n P\u00fablica, en Concurso Real, Art\u00edculos 296, 174 inciso 5) en concordancia con el \u00faltimo p\u00e1rrafo del mismo-, en funci\u00f3n con el Art\u00edculo 55 todos del C\u00f3digo Penal&#8221;, Expediente \u00b018500\/2020-1, con intervenci\u00f3n de la Fiscal\u00eda de Investigaci\u00f3n Penal 14 a cargo de Francisco de Obald\u00eda Eyseric. En agosto de 2020 se dispuso un allanamiento en el domicilio del cabo Pablo Walter Vargas con el objetivo de secuestrar una motocicleta marca Yamaha Modelo YBR 125 cc, m\u00e1s la detenci\u00f3n del sujeto con servicio en la comisar\u00eda El Sauzalito.<br \/>\nNorte.-<\/p>\n","protected":false},"excerpt":{"rendered":"<p>Se trata de la comisaria mayor Irma Insaurralde, el comisario mayor Gustavo Ortiz, el comisario principal Rub\u00e9n Valenzuela y el subcomisario Jos\u00e9 Ricail. Otro esc\u00e1ndalo sacude las filas de la Polic\u00eda del Chaco, luego de confirmarse que cuatro altos jefes fueron echados por el gobernador Jorge Milton Capitanich, ya que los efectivos est\u00e1n imputados por [&hellip;]<\/p>\n","protected":false},"author":1,"featured_media":17585,"comment_status":"closed","ping_status":"closed","sticky":false,"template":"","format":"standard","meta":{"footnotes":""},"categories":[6],"tags":[197],"class_list":{"0":"post-17584","1":"post","2":"type-post","3":"status-publish","4":"format-standard","5":"has-post-thumbnail","7":"category-chaco","8":"tag-destacada"},"_links":{"self":[{"href":"https:\/\/chacosintesis.com.ar\/index.php\/wp-json\/wp\/v2\/posts\/17584","targetHints":{"allow":["GET"]}}],"collection":[{"href":"https:\/\/chacosintesis.com.ar\/index.php\/wp-json\/wp\/v2\/posts"}],"about":[{"href":"https:\/\/chacosintesis.com.ar\/index.php\/wp-json\/wp\/v2\/types\/post"}],"author":[{"embeddable":true,"href":"https:\/\/chacosintesis.com.ar\/index.php\/wp-json\/wp\/v2\/users\/1"}],"replies":[{"embeddable":true,"href":"https:\/\/chacosintesis.com.ar\/index.php\/wp-json\/wp\/v2\/comments?post=17584"}],"version-history":[{"count":0,"href":"https:\/\/chacosintesis.com.ar\/index.php\/wp-json\/wp\/v2\/posts\/17584\/revisions"}],"wp:featuredmedia":[{"embeddable":true,"href":"https:\/\/chacosintesis.com.ar\/index.php\/wp-json\/wp\/v2\/media\/17585"}],"wp:attachment":[{"href":"https:\/\/chacosintesis.com.ar\/index.php\/wp-json\/wp\/v2\/media?parent=17584"}],"wp:term":[{"taxonomy":"category","embeddable":true,"href":"https:\/\/chacosintesis.com.ar\/index.php\/wp-json\/wp\/v2\/categories?post=17584"},{"taxonomy":"post_tag","embeddable":true,"href":"https:\/\/chacosintesis.com.ar\/index.php\/wp-json\/wp\/v2\/tags?post=17584"}],"curies":[{"name":"wp","href":"https:\/\/api.w.org\/{rel}","templated":true}]}}