{"id":17578,"date":"2022-10-25T12:06:44","date_gmt":"2022-10-25T15:06:44","guid":{"rendered":"https:\/\/chacosintesis.com.ar\/?p=17578"},"modified":"2022-10-25T12:36:49","modified_gmt":"2022-10-25T15:36:49","slug":"capitanich-planteo-al-banco-mundial-el-plan-estrategico-para-el-desarrollo-del-norte-grande","status":"publish","type":"post","link":"https:\/\/chacosintesis.com.ar\/index.php\/capitanich-planteo-al-banco-mundial-el-plan-estrategico-para-el-desarrollo-del-norte-grande\/","title":{"rendered":"Capitanich plante\u00f3 al Banco Mundial el plan estrat\u00e9gico para el desarrollo del Norte Grande"},"content":{"rendered":"<p>El gobernador se reuni\u00f3 con representantes del Banco Mundial, tras su recorrida por El Impenetrable.<br \/>\n El gobernador Jorge Capitanich se reuni\u00f3 esta ma\u00f1ana con Jordan Schwartz, director del Banco Mundial Argentina, Paraguay y Uruguay, y con su equipo para trazar objetivos en la agenda de financiamiento de obras claves para el Chaco.<br \/>\nTras su visita a El Impenetrable, junto a la vicegobernadora Analia Rach Quiroga, el primer mandatario le transmiti\u00f3 al equipo del Banco Mundial su &#8220;visi\u00f3n integral sobre el plan estrat\u00e9gico para el desarrollo del Norte Grande&#8221;, y se\u00f1al\u00f3 que se trata de una oportunidad para fortalecer &#8220;el Corredor Bioce\u00e1nico para generar las condiciones y que ese plan plurianual pueda enmarcarse en el Art 86 del proyecto de Ley de Presupuesto Nacional.&#8221;<br \/>\n&#8220;Tenemos un programa de mejoramiento de desag\u00fces pluviales para el AMGR, el sistema de prevenci\u00f3n de inundaciones, el tratamiento de efluentes l\u00edquidos cloacales, el desarrollo de Wichi I y II, rutas y caminos&#8221;, dijo el gobernador en su cuenta de Twitter.<br \/>\n \u201cA su vez tenemos otros proyectos como la incorporaci\u00f3n de los desag\u00fces estructurales de las calles Lynch y Arrib\u00e1lzaga, el pavimento, parque lineal de Soberan\u00eda Nacional, red de mejoramiento y mantenimiento del sistema de defensa\u201d, dijo Capitanich y destac\u00f3 que desde el gobierno se quiere \u201cfortalecer la provisi\u00f3n de agua potable para consumo humano y animal por parte de los productores rurales. Lo mismo queremos hacer con el sistema de electrificaci\u00f3n rural y la red de fibra \u00f3ptica para llegar a toda la provincia.\u201d<br \/>\nCapitanich asegur\u00f3 que se est\u00e1 trabajando en el desarrollo de un proyecto de duplicaci\u00f3n de la capacidad productiva de miel. \u201cTenemos 70.000 colmenas y vamos a trabajar la hip\u00f3tesis de un plan trienal de 150.000 colmenas para llegar a 500.000, y as\u00ed tener una base s\u00f3lida en el mercado mundial de miel con denominaci\u00f3n de origen\u201d, se\u00f1al\u00f3 y agreg\u00f3 que es un trabajo progresivo \u201cy eso implica incorporar financiamiento para cadenas de valor que van desde granjas, desarrollo de la cadena av\u00edcola y otros emprendimientos.\u201d<br \/>\n\u201cQueremos seguir trabajando juntos para el crecimiento y desarrollo del Chaco y de la regi\u00f3n\u201d, concluy\u00f3 el gobernador.<\/p>\n","protected":false},"excerpt":{"rendered":"<p>El gobernador se reuni\u00f3 con representantes del Banco Mundial, tras su recorrida por El Impenetrable. El gobernador Jorge Capitanich se reuni\u00f3 esta ma\u00f1ana con Jordan Schwartz, director del Banco Mundial Argentina, Paraguay y Uruguay, y con su equipo para trazar objetivos en la agenda de financiamiento de obras claves para el Chaco. Tras su visita [&hellip;]<\/p>\n","protected":false},"author":1,"featured_media":17579,"comment_status":"closed","ping_status":"closed","sticky":false,"template":"","format":"standard","meta":{"footnotes":""},"categories":[6],"tags":[],"class_list":{"0":"post-17578","1":"post","2":"type-post","3":"status-publish","4":"format-standard","5":"has-post-thumbnail","7":"category-chaco"},"_links":{"self":[{"href":"https:\/\/chacosintesis.com.ar\/index.php\/wp-json\/wp\/v2\/posts\/17578","targetHints":{"allow":["GET"]}}],"collection":[{"href":"https:\/\/chacosintesis.com.ar\/index.php\/wp-json\/wp\/v2\/posts"}],"about":[{"href":"https:\/\/chacosintesis.com.ar\/index.php\/wp-json\/wp\/v2\/types\/post"}],"author":[{"embeddable":true,"href":"https:\/\/chacosintesis.com.ar\/index.php\/wp-json\/wp\/v2\/users\/1"}],"replies":[{"embeddable":true,"href":"https:\/\/chacosintesis.com.ar\/index.php\/wp-json\/wp\/v2\/comments?post=17578"}],"version-history":[{"count":0,"href":"https:\/\/chacosintesis.com.ar\/index.php\/wp-json\/wp\/v2\/posts\/17578\/revisions"}],"wp:featuredmedia":[{"embeddable":true,"href":"https:\/\/chacosintesis.com.ar\/index.php\/wp-json\/wp\/v2\/media\/17579"}],"wp:attachment":[{"href":"https:\/\/chacosintesis.com.ar\/index.php\/wp-json\/wp\/v2\/media?parent=17578"}],"wp:term":[{"taxonomy":"category","embeddable":true,"href":"https:\/\/chacosintesis.com.ar\/index.php\/wp-json\/wp\/v2\/categories?post=17578"},{"taxonomy":"post_tag","embeddable":true,"href":"https:\/\/chacosintesis.com.ar\/index.php\/wp-json\/wp\/v2\/tags?post=17578"}],"curies":[{"name":"wp","href":"https:\/\/api.w.org\/{rel}","templated":true}]}}