{"id":17574,"date":"2022-10-25T12:02:02","date_gmt":"2022-10-25T15:02:02","guid":{"rendered":"https:\/\/chacosintesis.com.ar\/?p=17574"},"modified":"2022-10-25T12:06:39","modified_gmt":"2022-10-25T15:06:39","slug":"polini-seremos-el-gobierno-que-recupere-la-posibilidad-de-sonar-y-proyectar","status":"publish","type":"post","link":"https:\/\/chacosintesis.com.ar\/index.php\/polini-seremos-el-gobierno-que-recupere-la-posibilidad-de-sonar-y-proyectar\/","title":{"rendered":"Polini: &#8220;Seremos el gobierno que recupere la posibilidad de so\u00f1ar y proyectar&#8221;"},"content":{"rendered":"<p>El diputado nacional y pre candidato a gobernador del Chaco, Juan Carlos Polini, visit\u00f3 a los vecinos de la ciudad de Resistencia con el objetivo de dar a conocer sus propuestas y recepcionar las inquietudes de los diferentes barrios.<\/p>\n<p>Al brindar detalles de la recorrida, Polini expres\u00f3 \u201cHay mucha preocupaci\u00f3n por la situaci\u00f3n econ\u00f3mica econ\u00f3mica y social, por la restricci\u00f3n de libertades como el derecho a circular o expresarse libremente, por  la inflaci\u00f3n descontrolada que ha provocado que muchas familias que hasta hace unos a\u00f1os pod\u00edan satisfacer sus necesidades b\u00e1sicas y ya no lo puedan hacer, ciudadanos  que se sienten rehenes de un modelo perverso que permanentemente arremete contra el sector de la sociedad que trabaja, produce, genera riqueza, empleo, un modelo mentiroso que dice proteger a los m\u00e1s necesitados y sin embargo los pobres son cada d\u00eda m\u00e1s pobres,  que expulsa a nuestros j\u00f3venes talentos, el kirchenrismo ha conducido a la sociedad a convivir con un sentimiento de angustia, desesperanza y resignaci\u00f3n\u201d.<\/p>\n<p>\u201cNosotros representamos un cambio en la vida de las personas, tenemos un  gran equipo que trabaja en un plan de gobierno cuyo principal objetivo es poner fin a las injusticias y las desigualdades para comenzar a recorrer juntos el camino que nos conducir\u00e1 a un Chaco grande, inclusivo, diverso, sostenible, en el que reine el \u00f3rden, el respeto, la cordialidad, la solidaridad y la paz, seremos el gobierno que recupere la posibilidad de so\u00f1ar y proyectar\u201d.<\/p>\n","protected":false},"excerpt":{"rendered":"<p>El diputado nacional y pre candidato a gobernador del Chaco, Juan Carlos Polini, visit\u00f3 a los vecinos de la ciudad de Resistencia con el objetivo de dar a conocer sus propuestas y recepcionar las inquietudes de los diferentes barrios. Al brindar detalles de la recorrida, Polini expres\u00f3 \u201cHay mucha preocupaci\u00f3n por la situaci\u00f3n econ\u00f3mica econ\u00f3mica [&hellip;]<\/p>\n","protected":false},"author":1,"featured_media":17575,"comment_status":"closed","ping_status":"closed","sticky":false,"template":"","format":"standard","meta":{"footnotes":""},"categories":[6],"tags":[],"class_list":{"0":"post-17574","1":"post","2":"type-post","3":"status-publish","4":"format-standard","5":"has-post-thumbnail","7":"category-chaco"},"_links":{"self":[{"href":"https:\/\/chacosintesis.com.ar\/index.php\/wp-json\/wp\/v2\/posts\/17574","targetHints":{"allow":["GET"]}}],"collection":[{"href":"https:\/\/chacosintesis.com.ar\/index.php\/wp-json\/wp\/v2\/posts"}],"about":[{"href":"https:\/\/chacosintesis.com.ar\/index.php\/wp-json\/wp\/v2\/types\/post"}],"author":[{"embeddable":true,"href":"https:\/\/chacosintesis.com.ar\/index.php\/wp-json\/wp\/v2\/users\/1"}],"replies":[{"embeddable":true,"href":"https:\/\/chacosintesis.com.ar\/index.php\/wp-json\/wp\/v2\/comments?post=17574"}],"version-history":[{"count":0,"href":"https:\/\/chacosintesis.com.ar\/index.php\/wp-json\/wp\/v2\/posts\/17574\/revisions"}],"wp:featuredmedia":[{"embeddable":true,"href":"https:\/\/chacosintesis.com.ar\/index.php\/wp-json\/wp\/v2\/media\/17575"}],"wp:attachment":[{"href":"https:\/\/chacosintesis.com.ar\/index.php\/wp-json\/wp\/v2\/media?parent=17574"}],"wp:term":[{"taxonomy":"category","embeddable":true,"href":"https:\/\/chacosintesis.com.ar\/index.php\/wp-json\/wp\/v2\/categories?post=17574"},{"taxonomy":"post_tag","embeddable":true,"href":"https:\/\/chacosintesis.com.ar\/index.php\/wp-json\/wp\/v2\/tags?post=17574"}],"curies":[{"name":"wp","href":"https:\/\/api.w.org\/{rel}","templated":true}]}}