{"id":17552,"date":"2022-10-22T12:31:27","date_gmt":"2022-10-22T15:31:27","guid":{"rendered":"https:\/\/chacosintesis.com.ar\/?p=17552"},"modified":"2022-10-22T12:41:04","modified_gmt":"2022-10-22T15:41:04","slug":"el-gobierno-finalizara-la-obra-del-cuartel-de-bomberos-voluntarios-de-charata","status":"publish","type":"post","link":"https:\/\/chacosintesis.com.ar\/index.php\/el-gobierno-finalizara-la-obra-del-cuartel-de-bomberos-voluntarios-de-charata\/","title":{"rendered":"El gobierno finalizar\u00e1 la obra del cuartel de bomberos voluntarios de Charata"},"content":{"rendered":"<p>En su visita a Charata, el ministro de Gobierno y Trabajo, Juan Manuel Chapo, mantuvo una intensa agenda de gestiones para elevar la calidad de vida de vecinas y vecinos de la localidad. Entre las actividades que llev\u00f3 adelante, acompa\u00f1ado de la intendenta Alejandra Campos, estuvieron la firma de un convenio para la ejecuci\u00f3n de la obra de culminaci\u00f3n del cuartel de bomberos voluntarios y la toma de compromiso para refaccionar la parroquia y el centro de ex combatientes de la ciudad.<br \/>\n\u201cAgradecemos profundamente la labor y la tarea que realizan los bomberos voluntarios en toda la provincia, y queremos reconocerlo invirtiendo en espacios c\u00f3modos y seguros para que puedan trabajar en \u00f3ptimas condiciones\u201d, sostuvo Chapo tras firmar el convenio para dar inicio a la obra de culminaci\u00f3n del cuartel de bomberos voluntarios.<br \/>\nLa obra se realizar\u00e1 a trav\u00e9s de una inversi\u00f3n del Ministerio de Gobierno cercana a los nueve millones de pesos y contempla el acondicionamiento integral del cuartel. Adem\u00e1s, se construir\u00e1 un sal\u00f3n de usos m\u00faltiples que servir\u00e1 como sala de capacitaci\u00f3n, sanitarios y un dep\u00f3sito.<br \/>\nEl funcionario provincial tambi\u00e9n visit\u00f3 el centro de ex combatientes de Malvinas de la localidad, donde se comprometi\u00f3 a llevar adelante la refacci\u00f3n y ampliaci\u00f3n de dicho inmueble en el transcurso de 2023. \u201cEs importante que Charata tenga un espacio para conmemorar y homenajear a aquellos que ya no est\u00e1n debido a haber dejado su vida por la Argentina, la soberan\u00eda y nuestra bandera; y para que los ex combatientes tengan un lugar en el que puedan reunirse\u201d, coment\u00f3 el titular de la cartera de Gobierno.<br \/>\nCampos expres\u00f3 que la idea es que en 2023 se pueda contar con el edificio terminado para \u201ctener una sede que beneficie a los veteranos y a toda la comunidad\u201d. Por su parte, el veterano de Malvinas, Juan Roberto Ledesma, mencion\u00f3 que el centro representa un ejemplo de vida para Charata y que la obra ser\u00e1 una alegr\u00eda para todos los ex combatientes.<br \/>\nOtra de las actividades del funcionario fue la recorrida por la parroquia \u201cNuestra Se\u00f1ora del Perpetuo Socorro\u201d, donde junto a referentes de la entidad religiosa analizaron alternativas para intervenir y acondicionar la infraestructura del templo. \u201cRatificamos nuestro compromiso de llevar adelante esta obra\u201d, asegur\u00f3 Chapo.<br \/>\nAdem\u00e1s, en Charata el Ministerio de Gobierno realiz\u00f3 m\u00e1s de 250 tr\u00e1mites de documentaci\u00f3n a trav\u00e9s de un operativo DNI gratuito. El mismo se llev\u00f3 adelante el jueves y viernes con el objetivo de facilitar a los vecinos y vecinas de la localidad y del paraje Las Tolder\u00edas la obtenci\u00f3n de sus documentos de identidad.<\/p>\n","protected":false},"excerpt":{"rendered":"<p>En su visita a Charata, el ministro de Gobierno y Trabajo, Juan Manuel Chapo, mantuvo una intensa agenda de gestiones para elevar la calidad de vida de vecinas y vecinos de la localidad. Entre las actividades que llev\u00f3 adelante, acompa\u00f1ado de la intendenta Alejandra Campos, estuvieron la firma de un convenio para la ejecuci\u00f3n de [&hellip;]<\/p>\n","protected":false},"author":1,"featured_media":17553,"comment_status":"closed","ping_status":"closed","sticky":false,"template":"","format":"standard","meta":{"footnotes":""},"categories":[6],"tags":[],"class_list":{"0":"post-17552","1":"post","2":"type-post","3":"status-publish","4":"format-standard","5":"has-post-thumbnail","7":"category-chaco"},"_links":{"self":[{"href":"https:\/\/chacosintesis.com.ar\/index.php\/wp-json\/wp\/v2\/posts\/17552","targetHints":{"allow":["GET"]}}],"collection":[{"href":"https:\/\/chacosintesis.com.ar\/index.php\/wp-json\/wp\/v2\/posts"}],"about":[{"href":"https:\/\/chacosintesis.com.ar\/index.php\/wp-json\/wp\/v2\/types\/post"}],"author":[{"embeddable":true,"href":"https:\/\/chacosintesis.com.ar\/index.php\/wp-json\/wp\/v2\/users\/1"}],"replies":[{"embeddable":true,"href":"https:\/\/chacosintesis.com.ar\/index.php\/wp-json\/wp\/v2\/comments?post=17552"}],"version-history":[{"count":0,"href":"https:\/\/chacosintesis.com.ar\/index.php\/wp-json\/wp\/v2\/posts\/17552\/revisions"}],"wp:featuredmedia":[{"embeddable":true,"href":"https:\/\/chacosintesis.com.ar\/index.php\/wp-json\/wp\/v2\/media\/17553"}],"wp:attachment":[{"href":"https:\/\/chacosintesis.com.ar\/index.php\/wp-json\/wp\/v2\/media?parent=17552"}],"wp:term":[{"taxonomy":"category","embeddable":true,"href":"https:\/\/chacosintesis.com.ar\/index.php\/wp-json\/wp\/v2\/categories?post=17552"},{"taxonomy":"post_tag","embeddable":true,"href":"https:\/\/chacosintesis.com.ar\/index.php\/wp-json\/wp\/v2\/tags?post=17552"}],"curies":[{"name":"wp","href":"https:\/\/api.w.org\/{rel}","templated":true}]}}