{"id":17550,"date":"2022-10-22T12:28:18","date_gmt":"2022-10-22T15:28:18","guid":{"rendered":"https:\/\/chacosintesis.com.ar\/?p=17550"},"modified":"2022-10-22T12:41:04","modified_gmt":"2022-10-22T15:41:04","slug":"gancedo-definira-este-domingo-al-nuevo-intendente-o-intendenta-de-la-localidad","status":"publish","type":"post","link":"https:\/\/chacosintesis.com.ar\/index.php\/gancedo-definira-este-domingo-al-nuevo-intendente-o-intendenta-de-la-localidad\/","title":{"rendered":"Gancedo definir\u00e1 este domingo al nuevo intendente o intendenta de la localidad"},"content":{"rendered":"<p>Pedro Gorosito de Juntos por Gancedo; Omero Cieza Hern\u00e1ndez por la Corriente de Expresi\u00f3n Renovada (CER); y Adriana Stacchiotti del Frente Chaque\u00f1o ser\u00e1n las tres posibilidades avaladas por el Tribunal Electoral para definir este domingo quien contin\u00faa oficialmente con el mandato del fallecido Alberto Korovaichuk.<br \/>\nLa cita reunir\u00e1 a cerca de 6.300 electores quienes, en caso de ser necesario, se encontrar\u00e1n nuevamente el pr\u00f3ximo domingo 30 de octubre ante una hipot\u00e9tica segunda vuelta electoral.<br \/>\nFrente a este evento, el Poder Legislativo del Chaco inform\u00f3 que se encuentra disponible en su sitio web oficial el padr\u00f3n definitivo, el cual se puede ver ingresando a <a href=\"https:\/\/legislaturachaco.gov.ar\/control\/recursos\/PadronDefGancedo.pdf\">legislaturachaco.gov.ar\/control\/recursos\/PadronDefGancedo.pdf<\/a>, donde se apuntan los datos relacionados a n\u00famero de mesa y orden asignado.<br \/>\nPara esta elecci\u00f3n, las alianzas tuvieron un plazo de presentaci\u00f3n hasta el 12 de septiembre, en tanto que los candidatos fueron confirmados el 21 de septiembre a trav\u00e9s de las correspondientes resoluciones del Tribunal Electoral. La campa\u00f1a partidaria tuvo su extensi\u00f3n hasta este \u00faltimo viernes a las 8.<br \/>\nEl fallecimiento de Korovaichuk catapult\u00f3 a la presidenta del Concejo, Adriana Stacchiotti, como la intendenta temporal, sin embargo, luego de estas elecciones, se definir\u00e1 a la persona que tomar\u00e1 el mando de manera oficial hasta el 10 de diciembre del 2023, donde nuevamente se llevar\u00e1n a cabo elecciones en simult\u00e1neo a las de \u00edndole provincial y nacional.<\/p>\n","protected":false},"excerpt":{"rendered":"<p>Pedro Gorosito de Juntos por Gancedo; Omero Cieza Hern\u00e1ndez por la Corriente de Expresi\u00f3n Renovada (CER); y Adriana Stacchiotti del Frente Chaque\u00f1o ser\u00e1n las tres posibilidades avaladas por el Tribunal Electoral para definir este domingo quien contin\u00faa oficialmente con el mandato del fallecido Alberto Korovaichuk. La cita reunir\u00e1 a cerca de 6.300 electores quienes, en [&hellip;]<\/p>\n","protected":false},"author":1,"featured_media":17551,"comment_status":"closed","ping_status":"closed","sticky":false,"template":"","format":"standard","meta":{"footnotes":""},"categories":[6],"tags":[],"class_list":{"0":"post-17550","1":"post","2":"type-post","3":"status-publish","4":"format-standard","5":"has-post-thumbnail","7":"category-chaco"},"_links":{"self":[{"href":"https:\/\/chacosintesis.com.ar\/index.php\/wp-json\/wp\/v2\/posts\/17550","targetHints":{"allow":["GET"]}}],"collection":[{"href":"https:\/\/chacosintesis.com.ar\/index.php\/wp-json\/wp\/v2\/posts"}],"about":[{"href":"https:\/\/chacosintesis.com.ar\/index.php\/wp-json\/wp\/v2\/types\/post"}],"author":[{"embeddable":true,"href":"https:\/\/chacosintesis.com.ar\/index.php\/wp-json\/wp\/v2\/users\/1"}],"replies":[{"embeddable":true,"href":"https:\/\/chacosintesis.com.ar\/index.php\/wp-json\/wp\/v2\/comments?post=17550"}],"version-history":[{"count":0,"href":"https:\/\/chacosintesis.com.ar\/index.php\/wp-json\/wp\/v2\/posts\/17550\/revisions"}],"wp:featuredmedia":[{"embeddable":true,"href":"https:\/\/chacosintesis.com.ar\/index.php\/wp-json\/wp\/v2\/media\/17551"}],"wp:attachment":[{"href":"https:\/\/chacosintesis.com.ar\/index.php\/wp-json\/wp\/v2\/media?parent=17550"}],"wp:term":[{"taxonomy":"category","embeddable":true,"href":"https:\/\/chacosintesis.com.ar\/index.php\/wp-json\/wp\/v2\/categories?post=17550"},{"taxonomy":"post_tag","embeddable":true,"href":"https:\/\/chacosintesis.com.ar\/index.php\/wp-json\/wp\/v2\/tags?post=17550"}],"curies":[{"name":"wp","href":"https:\/\/api.w.org\/{rel}","templated":true}]}}