{"id":17525,"date":"2022-10-20T21:59:07","date_gmt":"2022-10-21T00:59:07","guid":{"rendered":"https:\/\/chacosintesis.com.ar\/?p=17525"},"modified":"2022-10-20T22:11:19","modified_gmt":"2022-10-21T01:11:19","slug":"comienza-el-primer-encuentro-de-escultores-en-pampa-del-infierno","status":"publish","type":"post","link":"https:\/\/chacosintesis.com.ar\/index.php\/comienza-el-primer-encuentro-de-escultores-en-pampa-del-infierno\/","title":{"rendered":"Comienza el primer Encuentro de Escultores en Pampa del Infierno"},"content":{"rendered":"<p>El evento, que congregar\u00e1 a 12 artistas de todo el mundo, se llevar\u00e1 a cabo desde este viernes y hasta el domingo, en la Plaza en 25 de Mayo.<br \/>\nEste viernes comenzar\u00e1 el primer Encuentro de Escultores en la localidad de Pampa del Infierno, actividad que recibir\u00e1 a 12 escultores de distintas partes del mundo, que trabajar\u00e1n sus obras a cielo abierto durante tres d\u00edas.<br \/>\nDurante los tres d\u00edas del evento, que se desarrollar\u00e1 en la plaza 25 de Mayo, los visitantes podr\u00e1n disfrutar de actividades art\u00edsticas, culturales, gastronom\u00eda y artesan\u00edas, entre otras atracciones.<br \/>\nEn esta primera edici\u00f3n del evento, organizado por la Municipalidad local, se utilizar\u00e1 madera de lapacho para las obras, que posteriormente ser\u00e1n emplazadas en diversos lugares a definir de la localidad.<br \/>\nLa intendenta Glenda Seifert destac\u00f3 la importancia del evento &#8220;para toda la regi\u00f3n y el esfuerzo colectivo que lo hace posible&#8221;, se\u00f1alando la participaci\u00f3n de &#8220;toda la comunidad&#8221;, subray\u00f3.<br \/>\n&#8220;El municipio y la comunidad comienzan valoran al arte como un derecho todos, por eso es un orgullo generar la posibilidad de que Pampa del Infierno se convierta en un museo a cielo abierto, como ya lo es Resistencia&#8221;, destac\u00f3.<br \/>\nSeifert manifest\u00f3 que este primer Encuentro de Escultores fortalecer\u00e1 la uni\u00f3n de los pueblos de la regi\u00f3n. &#8220;Es una fiesta del arte que nos da la oportunidad de mostrar nuestra fortaleza cultural y que estamos gratificados de realizar este evento y admirar el trabajo los escultores&#8221;, sostuvo.<br \/>\nUn encuentro internacional<br \/>\nLos escultores que participaran del encuentro fueron seleccionados entre un nutrido grupo de candidatos de diversos pa\u00edses, adem\u00e1s de artistas de la regi\u00f3n.<br \/>\nLas obras se destinar\u00e1n al espacio p\u00fablico de la ciudad enriqueciendo el patrimonio art\u00edstico de los habitantes de Pampa del Infierno.<br \/>\nLos participantes son: Adriana Pantanali (Buenos Aires), Gabriela Nievas (Catamarca), Romina Cabrera (Chaco), Ra\u00fal Alvarado (Bolivia), Mauricio D. Torales (Paraguay), Juan Bejarano (Santiago del Estero), Pablo Fracchia (C\u00f3rdoba), Ra\u00fal D. Marcoff (Chaco), Miguel Fern\u00e1ndez (Chaco), Ricardo \u00c1lvarez (Tucum\u00e1n), Santiago Negretti (Jujuy) y Claudio Kucharzuk (Santa Fe).<br \/>\nNorte.-<\/p>\n","protected":false},"excerpt":{"rendered":"<p>El evento, que congregar\u00e1 a 12 artistas de todo el mundo, se llevar\u00e1 a cabo desde este viernes y hasta el domingo, en la Plaza en 25 de Mayo. Este viernes comenzar\u00e1 el primer Encuentro de Escultores en la localidad de Pampa del Infierno, actividad que recibir\u00e1 a 12 escultores de distintas partes del mundo, [&hellip;]<\/p>\n","protected":false},"author":1,"featured_media":17526,"comment_status":"closed","ping_status":"closed","sticky":false,"template":"","format":"standard","meta":{"footnotes":""},"categories":[6],"tags":[],"class_list":{"0":"post-17525","1":"post","2":"type-post","3":"status-publish","4":"format-standard","5":"has-post-thumbnail","7":"category-chaco"},"_links":{"self":[{"href":"https:\/\/chacosintesis.com.ar\/index.php\/wp-json\/wp\/v2\/posts\/17525","targetHints":{"allow":["GET"]}}],"collection":[{"href":"https:\/\/chacosintesis.com.ar\/index.php\/wp-json\/wp\/v2\/posts"}],"about":[{"href":"https:\/\/chacosintesis.com.ar\/index.php\/wp-json\/wp\/v2\/types\/post"}],"author":[{"embeddable":true,"href":"https:\/\/chacosintesis.com.ar\/index.php\/wp-json\/wp\/v2\/users\/1"}],"replies":[{"embeddable":true,"href":"https:\/\/chacosintesis.com.ar\/index.php\/wp-json\/wp\/v2\/comments?post=17525"}],"version-history":[{"count":0,"href":"https:\/\/chacosintesis.com.ar\/index.php\/wp-json\/wp\/v2\/posts\/17525\/revisions"}],"wp:featuredmedia":[{"embeddable":true,"href":"https:\/\/chacosintesis.com.ar\/index.php\/wp-json\/wp\/v2\/media\/17526"}],"wp:attachment":[{"href":"https:\/\/chacosintesis.com.ar\/index.php\/wp-json\/wp\/v2\/media?parent=17525"}],"wp:term":[{"taxonomy":"category","embeddable":true,"href":"https:\/\/chacosintesis.com.ar\/index.php\/wp-json\/wp\/v2\/categories?post=17525"},{"taxonomy":"post_tag","embeddable":true,"href":"https:\/\/chacosintesis.com.ar\/index.php\/wp-json\/wp\/v2\/tags?post=17525"}],"curies":[{"name":"wp","href":"https:\/\/api.w.org\/{rel}","templated":true}]}}