{"id":17505,"date":"2022-10-18T21:23:27","date_gmt":"2022-10-19T00:23:27","guid":{"rendered":"https:\/\/chacosintesis.com.ar\/?p=17505"},"modified":"2022-10-18T21:38:24","modified_gmt":"2022-10-19T00:38:24","slug":"piden-la-detencion-del-juez-federal-de-saenz-pena-y-allanan-sus-oficinas","status":"publish","type":"post","link":"https:\/\/chacosintesis.com.ar\/index.php\/piden-la-detencion-del-juez-federal-de-saenz-pena-y-allanan-sus-oficinas\/","title":{"rendered":"Piden la detenci\u00f3n del juez Federal de S\u00e1enz Pe\u00f1a y allanan sus oficinas"},"content":{"rendered":"<p>Los fiscales Diego Iglesias, Federico Carniel, Carlos Amad y Patricio Sabadini, solicitaron en la ma\u00f1ana de este martes la detenci\u00f3n del juez Federal de S\u00e1enz Pe\u00f1a, Miguel Aranda en la causa que investiga su vinculaci\u00f3n con presuntos hechos relacionados con el contrabando. El escrito elevado a la jueza Federal, Zunilda Niremperger tambi\u00e9n solicita la detenci\u00f3n del Comandante Principal del comandante principal del Escuadr\u00f3n 1, Alberto Far\u00edas, entre otros.<br \/>\nLos fiscales se\u00f1alan entre sus fundamentos que Far\u00edas contaba con informaci\u00f3n sensible respecto del tr\u00e1mite de causas penales proveniente desde el Juzgado. El informe que se encuentra en poder de Niremperger detalla la vinculaci\u00f3n de Aranda en distintas investigaciones penales en curso y de este con personas de su entorno familiar y otras personas dedicadas al narcotr\u00e1fico, contrabando y lavado de activos de origen delictivo, adem\u00e1s con miembros de fuerzas de seguridad federal.<br \/>\nCabe destacar que estas imputaciones derivan de una investigaci\u00f3n de larga data relacionado al Clan Sosa por lavado de activos de origen delictivo proveniente del narcotr\u00e1fico y asociaci\u00f3n il\u00edcita. Es por esto que al pedido de detenci\u00f3n de Aranda y Far\u00edas se suman las del comandante principal de Gendarmer\u00eda, Cristian Marang\u00f3n; al segundo Comandante, Ra\u00fal Sheurman, al sargento, Enzo Aguirre; Mart\u00edn Raimundo y Clarisa Galissier, titulares de una empresa vinculada el hecho y esta \u00faltima cu\u00f1ada del juez Aranda, Ana Mar\u00eda Flamenco, madre de los miembros del Clan Sosa y actualmente pr\u00f3fuga; Walter Ayala; y Alberto Far\u00edas.<br \/>\nSeg\u00fan se desprende del informe elevado a la jueza, Flamenco pagaba el seguro de la empresa de Glassier<\/p>\n","protected":false},"excerpt":{"rendered":"<p>Los fiscales Diego Iglesias, Federico Carniel, Carlos Amad y Patricio Sabadini, solicitaron en la ma\u00f1ana de este martes la detenci\u00f3n del juez Federal de S\u00e1enz Pe\u00f1a, Miguel Aranda en la causa que investiga su vinculaci\u00f3n con presuntos hechos relacionados con el contrabando. El escrito elevado a la jueza Federal, Zunilda Niremperger tambi\u00e9n solicita la detenci\u00f3n [&hellip;]<\/p>\n","protected":false},"author":1,"featured_media":17506,"comment_status":"closed","ping_status":"closed","sticky":false,"template":"","format":"standard","meta":{"footnotes":""},"categories":[6],"tags":[],"class_list":{"0":"post-17505","1":"post","2":"type-post","3":"status-publish","4":"format-standard","5":"has-post-thumbnail","7":"category-chaco"},"_links":{"self":[{"href":"https:\/\/chacosintesis.com.ar\/index.php\/wp-json\/wp\/v2\/posts\/17505","targetHints":{"allow":["GET"]}}],"collection":[{"href":"https:\/\/chacosintesis.com.ar\/index.php\/wp-json\/wp\/v2\/posts"}],"about":[{"href":"https:\/\/chacosintesis.com.ar\/index.php\/wp-json\/wp\/v2\/types\/post"}],"author":[{"embeddable":true,"href":"https:\/\/chacosintesis.com.ar\/index.php\/wp-json\/wp\/v2\/users\/1"}],"replies":[{"embeddable":true,"href":"https:\/\/chacosintesis.com.ar\/index.php\/wp-json\/wp\/v2\/comments?post=17505"}],"version-history":[{"count":0,"href":"https:\/\/chacosintesis.com.ar\/index.php\/wp-json\/wp\/v2\/posts\/17505\/revisions"}],"wp:featuredmedia":[{"embeddable":true,"href":"https:\/\/chacosintesis.com.ar\/index.php\/wp-json\/wp\/v2\/media\/17506"}],"wp:attachment":[{"href":"https:\/\/chacosintesis.com.ar\/index.php\/wp-json\/wp\/v2\/media?parent=17505"}],"wp:term":[{"taxonomy":"category","embeddable":true,"href":"https:\/\/chacosintesis.com.ar\/index.php\/wp-json\/wp\/v2\/categories?post=17505"},{"taxonomy":"post_tag","embeddable":true,"href":"https:\/\/chacosintesis.com.ar\/index.php\/wp-json\/wp\/v2\/tags?post=17505"}],"curies":[{"name":"wp","href":"https:\/\/api.w.org\/{rel}","templated":true}]}}