{"id":17499,"date":"2022-10-18T08:38:54","date_gmt":"2022-10-18T11:38:54","guid":{"rendered":"https:\/\/chacosintesis.com.ar\/?p=17499"},"modified":"2022-10-18T08:39:52","modified_gmt":"2022-10-18T11:39:52","slug":"conmocion-en-la-justicia-federal-el-fiscal-sabadini-pidio-la-detencion-de-conjuez-aranda","status":"publish","type":"post","link":"https:\/\/chacosintesis.com.ar\/index.php\/conmocion-en-la-justicia-federal-el-fiscal-sabadini-pidio-la-detencion-de-conjuez-aranda\/","title":{"rendered":"Conmoci\u00f3n en la justicia federal: el fiscal Sabadini pidi\u00f3 la detenci\u00f3n de conjuez Aranda"},"content":{"rendered":"<p>Alto impacto institucional por el planteo del fiscal, que dice tener elementos que podr\u00edan demostrar una &#8220;cobertura&#8221; judicial a bandas criminales en la segunda ciudad del Chaco.<br \/>\nEl fiscal federal Patricio Sabadini, de Resistencia, anticip\u00f3 a NORTE que pidi\u00f3 la detenci\u00f3n del conjuez federal de S\u00e1enzPe\u00f1a, Miguel Mariano Aranda, y de siete gendarmes. Es por la presunta cobertura, protecci\u00f3n, filtraci\u00f3n de datos y connivencia con el grupo narco &#8220;Clan Sosa&#8221;, que opera en la segunda ciudad del Chaco.<br \/>\nHace d\u00edas, a este medio, el fiscal Carlos Amad, de S\u00e1enz Pe\u00f1a, hab\u00eda formulado una recusaci\u00f3n contra Aranda bas\u00e1ndose en &#8221; la desconfianza&#8221; por la aparente entrega de informaci\u00f3n a personas investigadas antes de que se realizaran allanamientos en sus locales y domicilios, los cuales, en su mayor\u00eda salieron mal porque los destinatarios de esos procedimientos ya hab\u00edan sido alertados.<br \/>\nEn caso que la jueza Zunilda Nirmperger conceda la aprehensi\u00f3n, Aranda no deber\u00e1 afrontar jury de enjuiciamiento porque no es juez de la Naci\u00f3n. &#8221; Tendr\u00e1 la C\u00e1mara Federal de Apelaciones que removerlo&#8221;, dijo a NORTE el fiscal.<br \/>\nUn conjuez es un abogado del foro que est\u00e1 en una lista de posibles reemplazantes transitorios de un magistrado, ante la ausencia de un titular o por alg\u00fan otro motivo que impida al juez ocuparse de una causa.<br \/>\nEn estos momentos, en S\u00e1enz Pe\u00f1a se llevan a cabo procedimientos a partir del requerimiento de Sabadini.<br \/>\nLa noticia est\u00e1 ocasionando un gran impacto en el mundo judicial, y por la gravedad de las sospechas en danza conmueven en realidad a todo el marco institucional de la provincia.<br \/>\n(Noticia en desarrollo)<br \/>\nNorte.-<\/p>\n","protected":false},"excerpt":{"rendered":"<p>Alto impacto institucional por el planteo del fiscal, que dice tener elementos que podr\u00edan demostrar una &#8220;cobertura&#8221; judicial a bandas criminales en la segunda ciudad del Chaco. El fiscal federal Patricio Sabadini, de Resistencia, anticip\u00f3 a NORTE que pidi\u00f3 la detenci\u00f3n del conjuez federal de S\u00e1enzPe\u00f1a, Miguel Mariano Aranda, y de siete gendarmes. Es por [&hellip;]<\/p>\n","protected":false},"author":1,"featured_media":17500,"comment_status":"closed","ping_status":"closed","sticky":false,"template":"","format":"standard","meta":{"footnotes":""},"categories":[6],"tags":[197],"class_list":{"0":"post-17499","1":"post","2":"type-post","3":"status-publish","4":"format-standard","5":"has-post-thumbnail","7":"category-chaco","8":"tag-destacada"},"_links":{"self":[{"href":"https:\/\/chacosintesis.com.ar\/index.php\/wp-json\/wp\/v2\/posts\/17499","targetHints":{"allow":["GET"]}}],"collection":[{"href":"https:\/\/chacosintesis.com.ar\/index.php\/wp-json\/wp\/v2\/posts"}],"about":[{"href":"https:\/\/chacosintesis.com.ar\/index.php\/wp-json\/wp\/v2\/types\/post"}],"author":[{"embeddable":true,"href":"https:\/\/chacosintesis.com.ar\/index.php\/wp-json\/wp\/v2\/users\/1"}],"replies":[{"embeddable":true,"href":"https:\/\/chacosintesis.com.ar\/index.php\/wp-json\/wp\/v2\/comments?post=17499"}],"version-history":[{"count":0,"href":"https:\/\/chacosintesis.com.ar\/index.php\/wp-json\/wp\/v2\/posts\/17499\/revisions"}],"wp:featuredmedia":[{"embeddable":true,"href":"https:\/\/chacosintesis.com.ar\/index.php\/wp-json\/wp\/v2\/media\/17500"}],"wp:attachment":[{"href":"https:\/\/chacosintesis.com.ar\/index.php\/wp-json\/wp\/v2\/media?parent=17499"}],"wp:term":[{"taxonomy":"category","embeddable":true,"href":"https:\/\/chacosintesis.com.ar\/index.php\/wp-json\/wp\/v2\/categories?post=17499"},{"taxonomy":"post_tag","embeddable":true,"href":"https:\/\/chacosintesis.com.ar\/index.php\/wp-json\/wp\/v2\/tags?post=17499"}],"curies":[{"name":"wp","href":"https:\/\/api.w.org\/{rel}","templated":true}]}}