{"id":17493,"date":"2022-10-17T09:59:42","date_gmt":"2022-10-17T12:59:42","guid":{"rendered":"https:\/\/chacosintesis.com.ar\/?p=17493"},"modified":"2022-10-17T10:08:18","modified_gmt":"2022-10-17T13:08:18","slug":"charata-un-joven-fallecio-tras-un-incidente-vial-con-su-moto","status":"publish","type":"post","link":"https:\/\/chacosintesis.com.ar\/index.php\/charata-un-joven-fallecio-tras-un-incidente-vial-con-su-moto\/","title":{"rendered":"Charata: Un joven falleci\u00f3 tras un incidente vial con su moto"},"content":{"rendered":"<p>El hecho ocurri\u00f3 en horas de la tarde de este domingo. Al llegar al lugar, la polic\u00eda encontr\u00f3 al conductor del veh\u00edculo con heridas de consideraci\u00f3n. A pesara de ser trasladado al hospital, falleci\u00f3 en el nosocomio.<br \/>\nUn joven de 27 a\u00f1os falleci\u00f3 este domingo tras protagonizar un incidente vial con su moto, en la ciudad de Charata.<br \/>\nCerca de las 17 los agentes de la comisar\u00eda primera de la localidad se dirigieron a la calle San Juan donde se hab\u00eda producido el siniestro.<br \/>\nAl llegar, constataron que el joven cay\u00f3 de su motocicleta, lo que le produjo lesiones graves. Inmediatamente, una ambulancia lo traslad\u00f3 al Hospital 4 de Junio de S\u00e1enz Pe\u00f1a, donde cerca de la 19 informaron que hab\u00eda fallecido.<\/p>\n","protected":false},"excerpt":{"rendered":"<p>El hecho ocurri\u00f3 en horas de la tarde de este domingo. Al llegar al lugar, la polic\u00eda encontr\u00f3 al conductor del veh\u00edculo con heridas de consideraci\u00f3n. A pesara de ser trasladado al hospital, falleci\u00f3 en el nosocomio. Un joven de 27 a\u00f1os falleci\u00f3 este domingo tras protagonizar un incidente vial con su moto, en la [&hellip;]<\/p>\n","protected":false},"author":1,"featured_media":17494,"comment_status":"closed","ping_status":"closed","sticky":false,"template":"","format":"standard","meta":{"footnotes":""},"categories":[6],"tags":[],"class_list":{"0":"post-17493","1":"post","2":"type-post","3":"status-publish","4":"format-standard","5":"has-post-thumbnail","7":"category-chaco"},"_links":{"self":[{"href":"https:\/\/chacosintesis.com.ar\/index.php\/wp-json\/wp\/v2\/posts\/17493","targetHints":{"allow":["GET"]}}],"collection":[{"href":"https:\/\/chacosintesis.com.ar\/index.php\/wp-json\/wp\/v2\/posts"}],"about":[{"href":"https:\/\/chacosintesis.com.ar\/index.php\/wp-json\/wp\/v2\/types\/post"}],"author":[{"embeddable":true,"href":"https:\/\/chacosintesis.com.ar\/index.php\/wp-json\/wp\/v2\/users\/1"}],"replies":[{"embeddable":true,"href":"https:\/\/chacosintesis.com.ar\/index.php\/wp-json\/wp\/v2\/comments?post=17493"}],"version-history":[{"count":0,"href":"https:\/\/chacosintesis.com.ar\/index.php\/wp-json\/wp\/v2\/posts\/17493\/revisions"}],"wp:featuredmedia":[{"embeddable":true,"href":"https:\/\/chacosintesis.com.ar\/index.php\/wp-json\/wp\/v2\/media\/17494"}],"wp:attachment":[{"href":"https:\/\/chacosintesis.com.ar\/index.php\/wp-json\/wp\/v2\/media?parent=17493"}],"wp:term":[{"taxonomy":"category","embeddable":true,"href":"https:\/\/chacosintesis.com.ar\/index.php\/wp-json\/wp\/v2\/categories?post=17493"},{"taxonomy":"post_tag","embeddable":true,"href":"https:\/\/chacosintesis.com.ar\/index.php\/wp-json\/wp\/v2\/tags?post=17493"}],"curies":[{"name":"wp","href":"https:\/\/api.w.org\/{rel}","templated":true}]}}