{"id":17491,"date":"2022-10-17T09:49:57","date_gmt":"2022-10-17T12:49:57","guid":{"rendered":"https:\/\/chacosintesis.com.ar\/?p=17491"},"modified":"2022-10-17T10:08:18","modified_gmt":"2022-10-17T13:08:18","slug":"polini-con-pedro-gorosito-gancedo-recuperara-la-esperanza","status":"publish","type":"post","link":"https:\/\/chacosintesis.com.ar\/index.php\/polini-con-pedro-gorosito-gancedo-recuperara-la-esperanza\/","title":{"rendered":"Polini : &#8220;Con Pedro Gorosito Gancedo recuperar\u00e1 la esperanza&#8221;"},"content":{"rendered":"<p>En el marco de las elecciones del pr\u00f3ximo domingo 23 de octubre, el diputado nacional y pre candidato a gobernador del Chaco, Juan Carlos Polini, visit\u00f3 la localidad de Gancedo con el objetivo de acompa\u00f1ar a Pedro  Gorosito, candidato a intendente por \u201cJuntos por Gancedo\u201d Lista 653.<br \/>\nEn su recorrida por la localidad Polini remarc\u00f3 el acompa\u00f1amiento de los vecinos \u201cGancedo es una localidad con un enorme potencial en recurso humano,  actividades productivas, tur\u00edsticas, culturales, hay mucho por hacer,  solo se necesita que desde el municipio se gestionen las oportunidades, Pedro es un joven con mucho entusiasmo, compromiso, tiene ganas de trabajar con transparencia y responsabilidad  para llevar adelante las transformaciones necesarias de manera tal que esta ciudad y sus habitantes accedan a una mejor calidad de vida\u201d<br \/>\n\u201cLos vecinos de Gancedo tienen derecho a dejar atr\u00e1s la postergaci\u00f3n, a recibir salud, educaci\u00f3n y servicios  de calidad,  a que se generen m\u00e1s oportunidades para los j\u00f3venes que quieren continuar sus estudios o emprender alguna actividad,  tambi\u00e9n para quienes desean venir a invertir en este hermoso lugar de nuestra provincia,  con Pedro Gorosito Gancedo recuperar\u00e1 la esperanza\u201d.<\/p>\n<div class=\"postie-attachments\"><a href=\"https:\/\/chacosintesis.com.ar\/wp-content\/uploads\/2022\/10\/JUAN-CARLOS-POLINI-VISITA-LOCALIDAD-DE-GANCEDO.doc\"><img decoding=\"async\" src=\"data:image\/gif;base64,R0lGODlhAQABAIAAAAAAAP\/\/\/ywAAAAAAQABAAACAUwAOw==\" fifu-lazy=\"1\" fifu-data-sizes=\"auto\" fifu-data-srcset=\"https:\/\/i1.wp.com\/chacosintesis.com.ar\/wp-content\/plugins\/postie\/icons\/silver\/doc-32.png?ssl=1&w=75&resize=75&ssl=1 75w, https:\/\/i1.wp.com\/chacosintesis.com.ar\/wp-content\/plugins\/postie\/icons\/silver\/doc-32.png?ssl=1&w=100&resize=100&ssl=1 100w, https:\/\/i1.wp.com\/chacosintesis.com.ar\/wp-content\/plugins\/postie\/icons\/silver\/doc-32.png?ssl=1&w=150&resize=150&ssl=1 150w, https:\/\/i1.wp.com\/chacosintesis.com.ar\/wp-content\/plugins\/postie\/icons\/silver\/doc-32.png?ssl=1&w=240&resize=240&ssl=1 240w, https:\/\/i1.wp.com\/chacosintesis.com.ar\/wp-content\/plugins\/postie\/icons\/silver\/doc-32.png?ssl=1&w=320&resize=320&ssl=1 320w, https:\/\/i1.wp.com\/chacosintesis.com.ar\/wp-content\/plugins\/postie\/icons\/silver\/doc-32.png?ssl=1&w=500&resize=500&ssl=1 500w, https:\/\/i1.wp.com\/chacosintesis.com.ar\/wp-content\/plugins\/postie\/icons\/silver\/doc-32.png?ssl=1&w=640&resize=640&ssl=1 640w, https:\/\/i1.wp.com\/chacosintesis.com.ar\/wp-content\/plugins\/postie\/icons\/silver\/doc-32.png?ssl=1&w=800&resize=800&ssl=1 800w, https:\/\/i1.wp.com\/chacosintesis.com.ar\/wp-content\/plugins\/postie\/icons\/silver\/doc-32.png?ssl=1&w=1024&resize=1024&ssl=1 1024w, https:\/\/i1.wp.com\/chacosintesis.com.ar\/wp-content\/plugins\/postie\/icons\/silver\/doc-32.png?ssl=1&w=1280&resize=1280&ssl=1 1280w, https:\/\/i1.wp.com\/chacosintesis.com.ar\/wp-content\/plugins\/postie\/icons\/silver\/doc-32.png?ssl=1&w=1600&resize=1600&ssl=1 1600w\" fifu-data-src='https:\/\/i1.wp.com\/chacosintesis.com.ar\/wp-content\/plugins\/postie\/icons\/silver\/doc-32.png?ssl=1' alt='doc icon' \/> JUAN-CARLOS-POLINI-VISITA-LOCALIDAD-DE-GANCEDO.doc<\/a><\/div>\n","protected":false},"excerpt":{"rendered":"<p>En el marco de las elecciones del pr\u00f3ximo domingo 23 de octubre, el diputado nacional y pre candidato a gobernador del Chaco, Juan Carlos Polini, visit\u00f3 la localidad de Gancedo con el objetivo de acompa\u00f1ar a Pedro Gorosito, candidato a intendente por \u201cJuntos por Gancedo\u201d Lista 653. En su recorrida por la localidad Polini remarc\u00f3 [&hellip;]<\/p>\n","protected":false},"author":1,"featured_media":0,"comment_status":"closed","ping_status":"closed","sticky":false,"template":"","format":"standard","meta":{"footnotes":""},"categories":[6],"tags":[],"class_list":{"0":"post-17491","1":"post","2":"type-post","3":"status-publish","4":"format-standard","6":"category-chaco"},"_links":{"self":[{"href":"https:\/\/chacosintesis.com.ar\/index.php\/wp-json\/wp\/v2\/posts\/17491","targetHints":{"allow":["GET"]}}],"collection":[{"href":"https:\/\/chacosintesis.com.ar\/index.php\/wp-json\/wp\/v2\/posts"}],"about":[{"href":"https:\/\/chacosintesis.com.ar\/index.php\/wp-json\/wp\/v2\/types\/post"}],"author":[{"embeddable":true,"href":"https:\/\/chacosintesis.com.ar\/index.php\/wp-json\/wp\/v2\/users\/1"}],"replies":[{"embeddable":true,"href":"https:\/\/chacosintesis.com.ar\/index.php\/wp-json\/wp\/v2\/comments?post=17491"}],"version-history":[{"count":0,"href":"https:\/\/chacosintesis.com.ar\/index.php\/wp-json\/wp\/v2\/posts\/17491\/revisions"}],"wp:attachment":[{"href":"https:\/\/chacosintesis.com.ar\/index.php\/wp-json\/wp\/v2\/media?parent=17491"}],"wp:term":[{"taxonomy":"category","embeddable":true,"href":"https:\/\/chacosintesis.com.ar\/index.php\/wp-json\/wp\/v2\/categories?post=17491"},{"taxonomy":"post_tag","embeddable":true,"href":"https:\/\/chacosintesis.com.ar\/index.php\/wp-json\/wp\/v2\/tags?post=17491"}],"curies":[{"name":"wp","href":"https:\/\/api.w.org\/{rel}","templated":true}]}}