{"id":17477,"date":"2022-10-16T10:13:07","date_gmt":"2022-10-16T13:13:07","guid":{"rendered":"https:\/\/chacosintesis.com.ar\/?p=17477"},"modified":"2022-10-16T10:39:20","modified_gmt":"2022-10-16T13:39:20","slug":"makalle-cuenta-con-un-hospital-integramente-refaccionado-y-nuevas-cuadras-de-pavimento","status":"publish","type":"post","link":"https:\/\/chacosintesis.com.ar\/index.php\/makalle-cuenta-con-un-hospital-integramente-refaccionado-y-nuevas-cuadras-de-pavimento\/","title":{"rendered":"Makall\u00e9 cuenta con un hospital \u00edntegramente refaccionado y nuevas cuadras de pavimento"},"content":{"rendered":"<p>La obra de refacci\u00f3n y ampliaci\u00f3n en el hospital, que demand\u00f3 m\u00e1s de 125 millones de pesos de inversi\u00f3n por parte del gobierno provincial, permitir\u00e1 ampliar los servicios y la capacidad de atenci\u00f3n. \u201cLa pol\u00edtica sanitaria es indispensable para garantizar el derecho a la salud y sin una red sanitaria de atenci\u00f3n primaria de la salud no podr\u00eda ser ejercido este derecho por cada vecino y vecina\u201d, expres\u00f3 el gobernador.<\/p>\n<p>El gobernador Jorge Capitanich encabez\u00f3, este s\u00e1bado en Makall\u00e9, la inauguraci\u00f3n de la refacci\u00f3n y ampliaci\u00f3n del hospital \u201cGeneral D\u00f3novan\u201d, que demand\u00f3 una inversi\u00f3n superior a los 125 millones de pesos financiados por el Ministerio de Planificaci\u00f3n, Econom\u00eda e Infraestructura. Adem\u00e1s, dej\u00f3 habilitadas cuadras de pavimento urbano.<br \/>\nEl hospital ser\u00e1 dotado del equipamiento necesario para una \u00f3ptima atenci\u00f3n. \u201cQueremos que las vecinas y los vecinos puedan atenderse en su ciudad y esto se logra teniendo diagn\u00f3stico por imagen, junta m\u00e9dica centralizada, red de fibra \u00f3ptica, y todo el equipamiento necesario\u201d, expres\u00f3 el gobernador y anunci\u00f3 que la localidad recibir\u00e1 una de las ocho nuevas ambulancias que el gobierno nacional destin\u00f3 al Chaco.<br \/>\n El mandatario remarc\u00f3 el rol indelegable del Estado para garantizar el acceso a derechos fundamentales como el derecho a la salud. \u201cLa pol\u00edtica sanitaria es indispensable para garantizar el derecho a la salud de una comunidad y sin una red sanitaria de atenci\u00f3n primaria de la salud no podr\u00eda ser ejercido este derecho por cada vecino y vecina\u201d, expres\u00f3.<br \/>\nPara ello asegur\u00f3 que se trabaja en alcanzar la mayor calidad en la prestaci\u00f3n de servicios, con capacitaci\u00f3n en recursos humanos e inversi\u00f3n en infraestructura y equipamiento. \u201cAdem\u00e1s es una prioridad realizar una reparaci\u00f3n hist\u00f3rica para las y los trabajadores de la salud a trav\u00e9s de la carrera sanitaria\u201d, dijo.<br \/>\nEn ese sentido adelant\u00f3 que la inversi\u00f3n en equipamiento sanitario alcanzar\u00e1 en 2023 cerca de 4500 millones de pesos. \u201cEs la mayor inversi\u00f3n en la historia de la provincia en materia de equipamiento\u201d, asegur\u00f3.<br \/>\nParticiparon tambi\u00e9n la ministra de Salud Carolina Centeno, los ministros de Gobierno y Trabajo Juan Manuel Chapo, de Planificaci\u00f3n, Econom\u00eda e Infraestructura Santiago P\u00e9rez Pons; el administrador de la Direcci\u00f3n de Vialidad Provincial Hugo Varela; la diputada provincial Claudia Panzardi; los intendentes de Lapachito Roberto Dom\u00ednguez, de Laguna Blanca Jos\u00e9 Panzardi y de La Verde Ram\u00f3n Pe\u00f1a; la directora del Hospital de Makall\u00e9 Liliana Hakanson.<\/p>\n<p>La obra p\u00fablica<br \/>\nEl ministro de Infraestructura destac\u00f3 la importancia de la obra p\u00fablica para transformar y mejorar la calidad de vida de las comunidades. &#8220;Vamos a seguir conectando a las familias a trav\u00e9s de estas obras como este pavimento que inauguramos hoy, estamos ejecutando seis cuadras junto al municipio y planificamos seis m\u00e1s que iniciar\u00e1n pr\u00f3ximamente&#8221;, sostuvo.<br \/>\nEn ese sentido destac\u00f3 tambi\u00e9n la importancia de la infraestructura sanitaria en cada rinc\u00f3n de la provincia y adelant\u00f3 que el a\u00f1o que viene se prev\u00e9 duplicar el presupuesto en salud con una inversi\u00f3n superior a los 75 mil millones de pesos. \u201cDe esta manera, garantizamos atenci\u00f3n de calidad para Makall\u00e9 y localidades cercanas, acompa\u00f1ada de la recomposici\u00f3n salarial de los trabajadores y trabajadoras de la salud&#8221;, agreg\u00f3.<\/p>\n<p>Intervenci\u00f3n necesaria<br \/>\n \u201cEsta obra cambi\u00f3 100% lo que era nuestro Hospital; la localidad creci\u00f3 mucho y la demanda aument\u00f3, por lo que era una intervenci\u00f3n necesaria\u201d, expres\u00f3 el intendente Marcelo Angione y agradeci\u00f3 la posibilidad de contar en pocos d\u00edas con una segunda ambulancia para la localidad, como as\u00ed tambi\u00e9n el proyecto de trabajar con el gobierno provincial por m\u00e1s cuadras de pavimento.<br \/>\nPor su parte, la directora del Hospital Liliana Hakanson destac\u00f3 la importancia de la obra, no solo para Makall\u00e9 sino para toda la regi\u00f3n, ya que permitir\u00e1 que el hospital pueda recibir pacientes de alta complejidad y as\u00ed poder descentralizar y descomprimir la atenci\u00f3n en el hospital Perrando. \u201cPor primera vez en 30 a\u00f1os de profesi\u00f3n estoy viendo una realidad inversi\u00f3n en el sistema de salud, con obras que mejora la calidad de atenci\u00f3n\u201d, expres\u00f3.<\/p>\n<p>Detalle de las obras<br \/>\n La intervenci\u00f3n en el hospital se realiz\u00f3 en dos etapas, en la primera se demoli\u00f3 un sector muy deteriorado y en desuso (paredes, techos y piso\/contrapiso). En la segunda etapa de la obra se realiz\u00f3 la ampliaci\u00f3n del hospital: consultorios, guardias, enfermer\u00eda, salas de rayos e internaci\u00f3n. Adem\u00e1s, las obras que se ejecutaron incluyen sanitarios, dep\u00f3sito, casa del m\u00e9dico, casa del chofer, estacionamiento de ambulancias y la construcci\u00f3n de una galer\u00eda cubierta que une todos estos espacios.<br \/>\nLas tres cuadras de pavimento inauguradas tuvieron una inversi\u00f3n de $ 18.461.961,61. Se realiz\u00f3 la obra de pavimento r\u00edgido y desag\u00fces pluviales, sobre la calle Lavalle, entre calle Monse\u00f1or Otto Heineman y calle Bolivar, se mejor\u00f3 la accesibilidad y transitabilidad.<\/p>\n","protected":false},"excerpt":{"rendered":"<p>La obra de refacci\u00f3n y ampliaci\u00f3n en el hospital, que demand\u00f3 m\u00e1s de 125 millones de pesos de inversi\u00f3n por parte del gobierno provincial, permitir\u00e1 ampliar los servicios y la capacidad de atenci\u00f3n. \u201cLa pol\u00edtica sanitaria es indispensable para garantizar el derecho a la salud y sin una red sanitaria de atenci\u00f3n primaria de la [&hellip;]<\/p>\n","protected":false},"author":1,"featured_media":17478,"comment_status":"closed","ping_status":"closed","sticky":false,"template":"","format":"standard","meta":{"footnotes":""},"categories":[6],"tags":[],"class_list":{"0":"post-17477","1":"post","2":"type-post","3":"status-publish","4":"format-standard","5":"has-post-thumbnail","7":"category-chaco"},"_links":{"self":[{"href":"https:\/\/chacosintesis.com.ar\/index.php\/wp-json\/wp\/v2\/posts\/17477","targetHints":{"allow":["GET"]}}],"collection":[{"href":"https:\/\/chacosintesis.com.ar\/index.php\/wp-json\/wp\/v2\/posts"}],"about":[{"href":"https:\/\/chacosintesis.com.ar\/index.php\/wp-json\/wp\/v2\/types\/post"}],"author":[{"embeddable":true,"href":"https:\/\/chacosintesis.com.ar\/index.php\/wp-json\/wp\/v2\/users\/1"}],"replies":[{"embeddable":true,"href":"https:\/\/chacosintesis.com.ar\/index.php\/wp-json\/wp\/v2\/comments?post=17477"}],"version-history":[{"count":0,"href":"https:\/\/chacosintesis.com.ar\/index.php\/wp-json\/wp\/v2\/posts\/17477\/revisions"}],"wp:featuredmedia":[{"embeddable":true,"href":"https:\/\/chacosintesis.com.ar\/index.php\/wp-json\/wp\/v2\/media\/17478"}],"wp:attachment":[{"href":"https:\/\/chacosintesis.com.ar\/index.php\/wp-json\/wp\/v2\/media?parent=17477"}],"wp:term":[{"taxonomy":"category","embeddable":true,"href":"https:\/\/chacosintesis.com.ar\/index.php\/wp-json\/wp\/v2\/categories?post=17477"},{"taxonomy":"post_tag","embeddable":true,"href":"https:\/\/chacosintesis.com.ar\/index.php\/wp-json\/wp\/v2\/tags?post=17477"}],"curies":[{"name":"wp","href":"https:\/\/api.w.org\/{rel}","templated":true}]}}