{"id":17471,"date":"2022-10-14T09:44:19","date_gmt":"2022-10-14T12:44:19","guid":{"rendered":"https:\/\/chacosintesis.com.ar\/?p=17471"},"modified":"2022-10-14T10:08:43","modified_gmt":"2022-10-14T13:08:43","slug":"carim-peche-propone-un-bono-compensador-salarial-para-activos-y-pasivos-provinciales","status":"publish","type":"post","link":"https:\/\/chacosintesis.com.ar\/index.php\/carim-peche-propone-un-bono-compensador-salarial-para-activos-y-pasivos-provinciales\/","title":{"rendered":"Carim Peche propone un bono compensador salarial para activos y pasivos provinciales"},"content":{"rendered":"<p>El presidente del interbloque de diputados de la UCR, Carim Peche, present\u00f3 un proyecto de Ley en la Legislatura provincial por el cual se dispone el pago de un bono compensador salarial extraordinario, por \u00fanica vez, equivalente al importe de un salario m\u00ednimo vital y m\u00f3vil para los trabajadores activos de la provincia. La iniciativa parlamentaria establece tambi\u00e9n  el pago de un bono compensador extraordinario equivalente a una jubilaci\u00f3n m\u00ednima para los jubilados y pensionados provinciales.<br \/>\nAl fundamentar su propuesta Peche se\u00f1al\u00f3 \u201cTiene como objetivo equiparar las diferencias surgidas de los aumentos salariales otorgados al sector p\u00fablico provincial activo y pasivo durante el ejercicio fiscal 2022 y la inflaci\u00f3n, datos suministrados por el Banco Central de la Rep\u00fablica Argentina indican que  superar\u00e1 el 100%,  si tenemos en cuenta que la recomposici\u00f3n otorgada apenas supera el 40%, seguramente coincidiremos en la necesidad de otorgar una compensaci\u00f3n a las familias trabajadoras,  y muy especialmente a nuestros jubilados y pensionados\u201d<br \/>\nEn ese contexto record\u00f3 que \u201cEl Instituto de Estad\u00edsticas y Censos (INDEC) inform\u00f3 que  una familia necesit\u00f3 ingresos de $120.000 para no caer en la pobreza, tambi\u00e9n inform\u00f3 que en los primeros 8 meses de este a\u00f1o la l\u00ednea de pobreza se increment\u00f3 57,3%,  y en 12 meses tuvo un alza del 75,2%,  en tanto la canasta familiar de indigencia subi\u00f3 en agosto un 7,1%, pas\u00f3 de $ 49.465,59 a $ 52.889,79 con un incremento del 60,8% durante este a\u00f1o hasta agosto y un 81,4% en 12 meses, y la mayor incidencia en todas las regiones la aport\u00f3 el incremento de los alimentos\u201d.<br \/>\nJubilados<br \/>\n\u201cOtro dato a considerar es que las recomposiciones ofrecidas por el gobierno provincial incluyen  bonos o cifras que no llegan a los jubilados,  la Defensor\u00eda de la Tercera Edad de la Ciudad de Buenos Aires desde donde se indica que, por la suba de precios tanto en los alimentos como los gastos de vivienda y medicamentos un adulto mayor necesita $151.478 para cumplir sus necesidades b\u00e1sicas,  por lo que entendemos que deben percibir este pago extraordinario los jubilados y pensionados por constituir uno de los sectores m\u00e1s vulnerables de nuestra sociedad\u201d.<br \/>\nHay dinero<br \/>\nFinalmente record\u00f3 que \u201cA diferencia de otras provincias de la regi\u00f3n, Chaco presenta los \u00edndices de pobreza e indigencia m\u00e1s altos del pa\u00eds, el 50% de los chaque\u00f1os son pobres y el 15% indigentes, situaci\u00f3n inexplicable si tenemos en cuentas que es la cuarta provincia que m\u00e1s fondos recibe en concepto de coparticipaci\u00f3n, la que adem\u00e1s  ha ido creciendo muy por encima de los \u00edndices inflacionarios, dinero hay, por lo tanto consideramos que esta compensaci\u00f3n salarial muy lejos de afectar la caja provincial ser\u00e1 un aporte  muy importante para paliar la cr\u00edtica situaci\u00f3n que atraviesan las familias chaque\u00f1as\u201d.<\/p>\n","protected":false},"excerpt":{"rendered":"<p>El presidente del interbloque de diputados de la UCR, Carim Peche, present\u00f3 un proyecto de Ley en la Legislatura provincial por el cual se dispone el pago de un bono compensador salarial extraordinario, por \u00fanica vez, equivalente al importe de un salario m\u00ednimo vital y m\u00f3vil para los trabajadores activos de la provincia. La iniciativa [&hellip;]<\/p>\n","protected":false},"author":1,"featured_media":17472,"comment_status":"closed","ping_status":"closed","sticky":false,"template":"","format":"standard","meta":{"footnotes":""},"categories":[6],"tags":[],"class_list":{"0":"post-17471","1":"post","2":"type-post","3":"status-publish","4":"format-standard","5":"has-post-thumbnail","7":"category-chaco"},"_links":{"self":[{"href":"https:\/\/chacosintesis.com.ar\/index.php\/wp-json\/wp\/v2\/posts\/17471","targetHints":{"allow":["GET"]}}],"collection":[{"href":"https:\/\/chacosintesis.com.ar\/index.php\/wp-json\/wp\/v2\/posts"}],"about":[{"href":"https:\/\/chacosintesis.com.ar\/index.php\/wp-json\/wp\/v2\/types\/post"}],"author":[{"embeddable":true,"href":"https:\/\/chacosintesis.com.ar\/index.php\/wp-json\/wp\/v2\/users\/1"}],"replies":[{"embeddable":true,"href":"https:\/\/chacosintesis.com.ar\/index.php\/wp-json\/wp\/v2\/comments?post=17471"}],"version-history":[{"count":0,"href":"https:\/\/chacosintesis.com.ar\/index.php\/wp-json\/wp\/v2\/posts\/17471\/revisions"}],"wp:featuredmedia":[{"embeddable":true,"href":"https:\/\/chacosintesis.com.ar\/index.php\/wp-json\/wp\/v2\/media\/17472"}],"wp:attachment":[{"href":"https:\/\/chacosintesis.com.ar\/index.php\/wp-json\/wp\/v2\/media?parent=17471"}],"wp:term":[{"taxonomy":"category","embeddable":true,"href":"https:\/\/chacosintesis.com.ar\/index.php\/wp-json\/wp\/v2\/categories?post=17471"},{"taxonomy":"post_tag","embeddable":true,"href":"https:\/\/chacosintesis.com.ar\/index.php\/wp-json\/wp\/v2\/tags?post=17471"}],"curies":[{"name":"wp","href":"https:\/\/api.w.org\/{rel}","templated":true}]}}