{"id":17465,"date":"2022-10-14T08:23:35","date_gmt":"2022-10-14T11:23:35","guid":{"rendered":"https:\/\/chacosintesis.com.ar\/?p=17465"},"modified":"2022-10-14T08:37:44","modified_gmt":"2022-10-14T11:37:44","slug":"pinedo-un-conductor-murio-aplastado-por-su-propio-camion","status":"publish","type":"post","link":"https:\/\/chacosintesis.com.ar\/index.php\/pinedo-un-conductor-murio-aplastado-por-su-propio-camion\/","title":{"rendered":"Pinedo: Un conductor muri\u00f3 aplastado por su propio cami\u00f3n"},"content":{"rendered":"<p>La fatalidad sucedi\u00f3 en la firma Cofco y camioneros, en vano, quisieron rescatar a su compa\u00f1ero aplastado por la cabina del transporte de carga.<br \/>\nEn otro siniestro perdi\u00f3 la vida un camionero de 41 a\u00f1os, quien fue aplastado por su propio rodado en una rara maniobra que le cost\u00f3 la vida al chofer domiciliado en la ciudad de Santa Silvina.<br \/>\nSucedi\u00f3 en la madrugada del mi\u00e9rcoles en el predio de la acopiadora Cofco en la ciudad de General Pinedo, cuando por motivos que se est\u00e1n investigando Jos\u00e9 Vargas fue encontrado aplastado por la cabina del cami\u00f3n que manejaba.<br \/>\nEn un primer momento otros choferes de transporte r\u00e1pidamente intentaron socorrer a la v\u00edctima para salvarle la vida, pero ya fue demasiado tarde debido a las heridas ocasionadas por aplastamiento.<br \/>\nNuevamente otro siniestro que enluta a la familia de camioneros, luego del accidente sucedido el mi\u00e9rcoles, horas m\u00e1s tarde con el chofer que intent\u00f3 esquivar al motociclista Ram\u00f3n Miranda, femicida de Melian Del Valle, y por esa maniobra perdi\u00f3 el control del transporte que volc\u00f3 en la banquina y termin\u00f3 con la vida de Dar\u00edo Masaferro de Las Bre\u00f1as.<br \/>\nTom\u00f3 intervenci\u00f3n en el accidente sucedido en el predio de la cerealera la Fiscal\u00eda de Charata, que caratul\u00f3 la causa en un primer tramo como \u2018accidente laboral fatal\u2018, adem\u00e1s intervino la Divisi\u00f3n Criminal\u00edstica de la misma ciudad, quienes se abocaron a las tareas para dar con las causas del hecho y la declaraci\u00f3n testimonial de otros camioneros que estuvieron en el lugar.<br \/>\nNorte.-<\/p>\n","protected":false},"excerpt":{"rendered":"<p>La fatalidad sucedi\u00f3 en la firma Cofco y camioneros, en vano, quisieron rescatar a su compa\u00f1ero aplastado por la cabina del transporte de carga. En otro siniestro perdi\u00f3 la vida un camionero de 41 a\u00f1os, quien fue aplastado por su propio rodado en una rara maniobra que le cost\u00f3 la vida al chofer domiciliado en [&hellip;]<\/p>\n","protected":false},"author":1,"featured_media":17466,"comment_status":"closed","ping_status":"closed","sticky":false,"template":"","format":"standard","meta":{"footnotes":""},"categories":[6],"tags":[197],"class_list":{"0":"post-17465","1":"post","2":"type-post","3":"status-publish","4":"format-standard","5":"has-post-thumbnail","7":"category-chaco","8":"tag-destacada"},"_links":{"self":[{"href":"https:\/\/chacosintesis.com.ar\/index.php\/wp-json\/wp\/v2\/posts\/17465","targetHints":{"allow":["GET"]}}],"collection":[{"href":"https:\/\/chacosintesis.com.ar\/index.php\/wp-json\/wp\/v2\/posts"}],"about":[{"href":"https:\/\/chacosintesis.com.ar\/index.php\/wp-json\/wp\/v2\/types\/post"}],"author":[{"embeddable":true,"href":"https:\/\/chacosintesis.com.ar\/index.php\/wp-json\/wp\/v2\/users\/1"}],"replies":[{"embeddable":true,"href":"https:\/\/chacosintesis.com.ar\/index.php\/wp-json\/wp\/v2\/comments?post=17465"}],"version-history":[{"count":0,"href":"https:\/\/chacosintesis.com.ar\/index.php\/wp-json\/wp\/v2\/posts\/17465\/revisions"}],"wp:featuredmedia":[{"embeddable":true,"href":"https:\/\/chacosintesis.com.ar\/index.php\/wp-json\/wp\/v2\/media\/17466"}],"wp:attachment":[{"href":"https:\/\/chacosintesis.com.ar\/index.php\/wp-json\/wp\/v2\/media?parent=17465"}],"wp:term":[{"taxonomy":"category","embeddable":true,"href":"https:\/\/chacosintesis.com.ar\/index.php\/wp-json\/wp\/v2\/categories?post=17465"},{"taxonomy":"post_tag","embeddable":true,"href":"https:\/\/chacosintesis.com.ar\/index.php\/wp-json\/wp\/v2\/tags?post=17465"}],"curies":[{"name":"wp","href":"https:\/\/api.w.org\/{rel}","templated":true}]}}