{"id":17460,"date":"2022-10-13T22:55:20","date_gmt":"2022-10-14T01:55:20","guid":{"rendered":"https:\/\/chacosintesis.com.ar\/?p=17460"},"modified":"2022-10-13T23:07:02","modified_gmt":"2022-10-14T02:07:02","slug":"las-brenas-llevaba-tres-dias-muerto-en-su-casa-y-la-familia-rezaba-para-que-reviva","status":"publish","type":"post","link":"https:\/\/chacosintesis.com.ar\/index.php\/las-brenas-llevaba-tres-dias-muerto-en-su-casa-y-la-familia-rezaba-para-que-reviva\/","title":{"rendered":"Las Bre\u00f1as: Llevaba tres d\u00edas muerto en su casa y la familia rezaba para que reviva"},"content":{"rendered":"<p>Se trata de un joven de 24 a\u00f1os que llevaba tres d\u00edas muerto en una vivienda ubicada en el barrio Progreso. Un t\u00edo alert\u00f3 sobre su repentina desaparici\u00f3n y dio aviso a la comisar\u00eda. Los efectivos tuvieron que solicitar una orden de allanamiento para ingresar a la casa donde hallaron el cuerpo en avanzado estado de descomposici\u00f3n.<br \/>\nDe acuerdo al informe policial, el t\u00edo de un joven identificado como Gast\u00f3n Claudio Ch\u00e1vez, de 24 a\u00f1os, alert\u00f3 a la comisar\u00eda local que hace varios d\u00edas hab\u00eda perdido contacto personal y telef\u00f3nico con su sobrino.<br \/>\nLos agentes policiales se trasladaron hasta la casa donde el joven viv\u00eda con su madre, hermana y su hija menor de edad, y la pareja de la madre. Solicitaron el ingreso para verificar el estado del joven. Sin embargo, la madre y hermana impidieron el ingreso y respond\u00edan con continuas expresiones &#8220;religiosas&#8221;.<br \/>\nDebido a esta situaci\u00f3n, los agentes solicitaron a la Fiscal\u00eda en turno una orden de allanamiento y entraron al domicilio esta madrugada. En una de las habitaciones hallaron sobre una cama el cuerpo sin vida del joven y en avanzado estado de descomposici\u00f3n. Posteriormente, el m\u00e9dico en turno inform\u00f3 que la muerte de Gast\u00f3n Chavez obedeci\u00f3 a causas naturales y se hab\u00eda registrado al menos m\u00e1s de tres d\u00edas.<br \/>\nEl fiscal en turno dispuso la entrega del cuerpo a sus familiares a fines p\u00f3stumos sin adoptarse ninguna medida judicial para los familiares. Intervino el m\u00f3vil tanatol\u00f3gico de la Divisi\u00f3n Bomberos de Charata y efectivos de la Comisar\u00eda de Las Bre\u00f1as.<br \/>\nNorte.-<\/p>\n","protected":false},"excerpt":{"rendered":"<p>Se trata de un joven de 24 a\u00f1os que llevaba tres d\u00edas muerto en una vivienda ubicada en el barrio Progreso. Un t\u00edo alert\u00f3 sobre su repentina desaparici\u00f3n y dio aviso a la comisar\u00eda. Los efectivos tuvieron que solicitar una orden de allanamiento para ingresar a la casa donde hallaron el cuerpo en avanzado estado [&hellip;]<\/p>\n","protected":false},"author":1,"featured_media":17461,"comment_status":"closed","ping_status":"closed","sticky":false,"template":"","format":"standard","meta":{"footnotes":""},"categories":[6],"tags":[197],"class_list":{"0":"post-17460","1":"post","2":"type-post","3":"status-publish","4":"format-standard","5":"has-post-thumbnail","7":"category-chaco","8":"tag-destacada"},"_links":{"self":[{"href":"https:\/\/chacosintesis.com.ar\/index.php\/wp-json\/wp\/v2\/posts\/17460","targetHints":{"allow":["GET"]}}],"collection":[{"href":"https:\/\/chacosintesis.com.ar\/index.php\/wp-json\/wp\/v2\/posts"}],"about":[{"href":"https:\/\/chacosintesis.com.ar\/index.php\/wp-json\/wp\/v2\/types\/post"}],"author":[{"embeddable":true,"href":"https:\/\/chacosintesis.com.ar\/index.php\/wp-json\/wp\/v2\/users\/1"}],"replies":[{"embeddable":true,"href":"https:\/\/chacosintesis.com.ar\/index.php\/wp-json\/wp\/v2\/comments?post=17460"}],"version-history":[{"count":0,"href":"https:\/\/chacosintesis.com.ar\/index.php\/wp-json\/wp\/v2\/posts\/17460\/revisions"}],"wp:featuredmedia":[{"embeddable":true,"href":"https:\/\/chacosintesis.com.ar\/index.php\/wp-json\/wp\/v2\/media\/17461"}],"wp:attachment":[{"href":"https:\/\/chacosintesis.com.ar\/index.php\/wp-json\/wp\/v2\/media?parent=17460"}],"wp:term":[{"taxonomy":"category","embeddable":true,"href":"https:\/\/chacosintesis.com.ar\/index.php\/wp-json\/wp\/v2\/categories?post=17460"},{"taxonomy":"post_tag","embeddable":true,"href":"https:\/\/chacosintesis.com.ar\/index.php\/wp-json\/wp\/v2\/tags?post=17460"}],"curies":[{"name":"wp","href":"https:\/\/api.w.org\/{rel}","templated":true}]}}